{"id":12184,"date":"2021-09-28T18:37:53","date_gmt":"2021-09-28T22:37:53","guid":{"rendered":"https:\/\/www.pedroandretta.info\/index\/2021\/09\/28\/livro-propoe-reflexao-sobre-a-passagem-do-tempo-a-partir-da-amizade-de-um-jabuti\/"},"modified":"2021-09-28T18:37:53","modified_gmt":"2021-09-28T22:37:53","slug":"livro-propoe-reflexao-sobre-a-passagem-do-tempo-a-partir-da-amizade-de-um-jabuti","status":"publish","type":"post","link":"https:\/\/www.pedroandretta.info\/index\/2021\/09\/livro-propoe-reflexao-sobre-a-passagem-do-tempo-a-partir-da-amizade-de-um-jabuti\/","title":{"rendered":"Livro prop\u00f5e reflex\u00e3o sobre a passagem do tempo a partir da amizade de um jabuti&#8230;"},"content":{"rendered":"<p>[ad_1]<br \/>\n<img data-recalc-dims=\"1\" decoding=\"async\" src=\"https:\/\/i0.wp.com\/ufmg.br\/thumbor\/L1v7_H01QM4qFHn7tDVeGG9yUes%3D\/300x200\/smart\/https%3A\/\/ufmg.br\/storage\/3\/0\/3\/9\/3039742fc93665af650b45b312cdaa22_16327786411935_263338820.jpg?w=696&#038;ssl=1\"\/><\/p>\n<p>Livro prop\u00f5e reflex\u00e3o sobre a passagem do tempo a partir da amizade de um jabuti e uma siriruia l Vale conferir \u201cO jabuti e a siriruia: o ciclo da vida\u201d! Um livro infantil de divulga\u00e7\u00e3o cient\u00edfica, escrito por M\u00e1rcia Abreu via<br \/>\n #LiteraturaInfantil via UFMG <a href=\"https:\/\/ufmg.br\/comunicacao\/noticias\/livro-infantil-reflete-sobre-a-passagem-do-tempo-a-partir-da-amizade-de-um-jabuti-e-uma-siriruia\" target=\"_blank\" rel=\"noopener\">ufmg.br\/comunicacao\/no\u2026<\/a><br \/>\n[ad_2]<br \/>\n<br \/><a href=\"https:\/\/twitter.com\/pedroisandretta\/statuses\/1442981917905678339\">Fonte<\/a> by <a href=\"https:\/\/t.co\/MfIsGWjH1p\">Projeto Informe-CI<\/a><\/p>\n","protected":false},"excerpt":{"rendered":"<p>[ad_1] Livro prop\u00f5e reflex\u00e3o sobre a passagem do tempo a partir da amizade de um jabuti e uma siriruia l Vale conferir \u201cO jabuti e a siriruia: o ciclo da vida\u201d! Um livro infantil de divulga\u00e7\u00e3o cient\u00edfica, escrito por M\u00e1rcia Abreu via #LiteraturaInfantil via UFMG ufmg.br\/comunicacao\/no\u2026 [ad_2] Fonte by Projeto Informe-CI<\/p>\n","protected":false},"author":1,"featured_media":12185,"comment_status":"open","ping_status":"open","sticky":false,"template":"","format":"standard","meta":{"_jetpack_memberships_contains_paid_content":false,"footnotes":"","jetpack_publicize_message":"","jetpack_publicize_feature_enabled":true,"jetpack_social_post_already_shared":true,"jetpack_social_options":{"image_generator_settings":{"template":"highway","default_image_id":0,"font":"","enabled":false},"version":2}},"categories":[21],"tags":[827],"class_list":["post-12184","post","type-post","status-publish","format-standard","has-post-thumbnail","hentry","category-informeci","tag-literaturainfantil"],"jetpack_publicize_connections":[],"jetpack_featured_media_url":"https:\/\/i0.wp.com\/www.pedroandretta.info\/index\/wp-content\/uploads\/2021\/09\/3039742fc93665af650b45b312cdaa22_16327786411935_263338820.jpg?fit=300%2C200&ssl=1","views":"","jetpack_sharing_enabled":true,"_links":{"self":[{"href":"https:\/\/www.pedroandretta.info\/index\/wp-json\/wp\/v2\/posts\/12184","targetHints":{"allow":["GET"]}}],"collection":[{"href":"https:\/\/www.pedroandretta.info\/index\/wp-json\/wp\/v2\/posts"}],"about":[{"href":"https:\/\/www.pedroandretta.info\/index\/wp-json\/wp\/v2\/types\/post"}],"author":[{"embeddable":true,"href":"https:\/\/www.pedroandretta.info\/index\/wp-json\/wp\/v2\/users\/1"}],"replies":[{"embeddable":true,"href":"https:\/\/www.pedroandretta.info\/index\/wp-json\/wp\/v2\/comments?post=12184"}],"version-history":[{"count":0,"href":"https:\/\/www.pedroandretta.info\/index\/wp-json\/wp\/v2\/posts\/12184\/revisions"}],"wp:featuredmedia":[{"embeddable":true,"href":"https:\/\/www.pedroandretta.info\/index\/wp-json\/wp\/v2\/media\/12185"}],"wp:attachment":[{"href":"https:\/\/www.pedroandretta.info\/index\/wp-json\/wp\/v2\/media?parent=12184"}],"wp:term":[{"taxonomy":"category","embeddable":true,"href":"https:\/\/www.pedroandretta.info\/index\/wp-json\/wp\/v2\/categories?post=12184"},{"taxonomy":"post_tag","embeddable":true,"href":"https:\/\/www.pedroandretta.info\/index\/wp-json\/wp\/v2\/tags?post=12184"}],"curies":[{"name":"wp","href":"https:\/\/api.w.org\/{rel}","templated":true}]}}