{"id":12208,"date":"2021-09-30T14:24:08","date_gmt":"2021-09-30T18:24:08","guid":{"rendered":"https:\/\/www.pedroandretta.info\/index\/2021\/09\/30\/a-biblioteca-do-fim-do-mundo-por-leandro-karnal-l-a-minha-biblioteca-foi-evap\/"},"modified":"2021-09-30T14:24:08","modified_gmt":"2021-09-30T18:24:08","slug":"a-biblioteca-do-fim-do-mundo-por-leandro-karnal-l-a-minha-biblioteca-foi-evap","status":"publish","type":"post","link":"https:\/\/www.pedroandretta.info\/index\/2021\/09\/a-biblioteca-do-fim-do-mundo-por-leandro-karnal-l-a-minha-biblioteca-foi-evap\/","title":{"rendered":"A biblioteca do fim do mundo?, por Leandro Karnal l &#8220;A minha biblioteca foi evap&#8230;"},"content":{"rendered":"<p>[ad_1]<br \/>\n<img data-recalc-dims=\"1\" decoding=\"async\" src=\"https:\/\/i0.wp.com\/img.estadao.com.br\/resources\/jpg\/7\/8\/1628455003887.jpg?w=696&#038;ssl=1\"\/><\/p>\n<p>A biblioteca do fim do mundo?, por Leandro Karnal l &#8220;A minha biblioteca foi evaporada pela mudan\u00e7a tecnol\u00f3gica e bibliogr\u00e1fica. [&#8230;] Querida leitora e estimado leitor: como anda sua biblioteca?&#8221; #Bibliotecas #LeituraEscritaECultura via Estad\u00e3o <a href=\"https:\/\/cultura.estadao.com.br\/noticias\/geral,a-biblioteca-do-fim-do-mundo,70003850803\" target=\"_blank\" rel=\"noopener\">cultura.estadao.com.br\/noticias\/geral\u2026<\/a><br \/>\n[ad_2]<br \/>\n<br \/><a href=\"https:\/\/twitter.com\/pedroisandretta\/statuses\/1443642838122651653\">Fonte<\/a> by <a href=\"https:\/\/t.co\/MfIsGWjH1p\">Projeto Informe-CI<\/a><\/p>\n","protected":false},"excerpt":{"rendered":"<p>[ad_1] A biblioteca do fim do mundo?, por Leandro Karnal l &#8220;A minha biblioteca foi evaporada pela mudan\u00e7a tecnol\u00f3gica e bibliogr\u00e1fica. [&#8230;] Querida leitora e estimado leitor: como anda sua biblioteca?&#8221; #Bibliotecas #LeituraEscritaECultura via Estad\u00e3o cultura.estadao.com.br\/noticias\/geral\u2026 [ad_2] Fonte by Projeto Informe-CI<\/p>\n","protected":false},"author":1,"featured_media":12209,"comment_status":"open","ping_status":"open","sticky":false,"template":"","format":"standard","meta":{"_jetpack_memberships_contains_paid_content":false,"footnotes":"","jetpack_publicize_message":"","jetpack_publicize_feature_enabled":true,"jetpack_social_post_already_shared":true,"jetpack_social_options":{"image_generator_settings":{"template":"highway","default_image_id":0,"font":"","enabled":false},"version":2}},"categories":[21],"tags":[38,434],"class_list":["post-12208","post","type-post","status-publish","format-standard","has-post-thumbnail","hentry","category-informeci","tag-bibliotecas","tag-leituraescritaecultura"],"jetpack_publicize_connections":[],"jetpack_featured_media_url":"https:\/\/i0.wp.com\/www.pedroandretta.info\/index\/wp-content\/uploads\/2021\/09\/1628455003887.jpg?fit=932%2C546&ssl=1","views":"","jetpack_sharing_enabled":true,"_links":{"self":[{"href":"https:\/\/www.pedroandretta.info\/index\/wp-json\/wp\/v2\/posts\/12208","targetHints":{"allow":["GET"]}}],"collection":[{"href":"https:\/\/www.pedroandretta.info\/index\/wp-json\/wp\/v2\/posts"}],"about":[{"href":"https:\/\/www.pedroandretta.info\/index\/wp-json\/wp\/v2\/types\/post"}],"author":[{"embeddable":true,"href":"https:\/\/www.pedroandretta.info\/index\/wp-json\/wp\/v2\/users\/1"}],"replies":[{"embeddable":true,"href":"https:\/\/www.pedroandretta.info\/index\/wp-json\/wp\/v2\/comments?post=12208"}],"version-history":[{"count":0,"href":"https:\/\/www.pedroandretta.info\/index\/wp-json\/wp\/v2\/posts\/12208\/revisions"}],"wp:featuredmedia":[{"embeddable":true,"href":"https:\/\/www.pedroandretta.info\/index\/wp-json\/wp\/v2\/media\/12209"}],"wp:attachment":[{"href":"https:\/\/www.pedroandretta.info\/index\/wp-json\/wp\/v2\/media?parent=12208"}],"wp:term":[{"taxonomy":"category","embeddable":true,"href":"https:\/\/www.pedroandretta.info\/index\/wp-json\/wp\/v2\/categories?post=12208"},{"taxonomy":"post_tag","embeddable":true,"href":"https:\/\/www.pedroandretta.info\/index\/wp-json\/wp\/v2\/tags?post=12208"}],"curies":[{"name":"wp","href":"https:\/\/api.w.org\/{rel}","templated":true}]}}