{"id":12228,"date":"2021-10-01T22:57:17","date_gmt":"2021-10-02T02:57:17","guid":{"rendered":"https:\/\/www.pedroandretta.info\/index\/2021\/10\/01\/novo-relatorio-de-pesquisa-global-america-latina-l-usando-as-cifras-de-1981-com\/"},"modified":"2021-10-01T22:57:17","modified_gmt":"2021-10-02T02:57:17","slug":"novo-relatorio-de-pesquisa-global-america-latina-l-usando-as-cifras-de-1981-com","status":"publish","type":"post","link":"https:\/\/www.pedroandretta.info\/index\/2021\/10\/novo-relatorio-de-pesquisa-global-america-latina-l-usando-as-cifras-de-1981-com\/","title":{"rendered":"Novo Relat\u00f3rio de Pesquisa Global: Am\u00e9rica Latina l Usando as cifras de 1981 com&#8230;"},"content":{"rendered":"<p>[ad_1]<br \/>\n<img data-recalc-dims=\"1\" decoding=\"async\" src=\"https:\/\/i0.wp.com\/pbs.twimg.com\/media\/FAqYi0MXIAEO3a7.jpg?w=696&#038;ssl=1\" \/><\/p>\n<p><img data-recalc-dims=\"1\" decoding=\"async\" src=\"https:\/\/i0.wp.com\/pbs.twimg.com\/media\/FAqYi0CWYAANLUA.jpg?w=696&#038;ssl=1\"\/><\/p>\n<p>Novo Relat\u00f3rio de Pesquisa Global: Am\u00e9rica Latina l Usando as cifras de 1981 como base, o crescimento da atividade e publica\u00e7\u00f5es de pesquisa foi maior na Am\u00e9rica Latina do que em qualquer outra regi\u00e3o at\u00e9 meados dos anos 2000. #Ci\u00eancia #Am\u00e9ricaLatina #WoS <a href=\"https:\/\/img06.en25.com\/Web\/ClarivateAnalytics\/%7Bfabd9f80-a1b8-4808-ac46-cf403722ae33%7D_WS712516873_ISI_GRR_Q3_2021_LatAm_Report_PG_v4.pdf\" target=\"_blank\" rel=\"noopener\">img06.en25.com\/Web\/ClarivateA\u2026<\/a> <a href=\"https:\/\/t.co\/kdyB6FNaC5\" target=\"_blank\" rel=\"noopener\">https:\/\/t.co\/kdyB6FNaC5<\/a><br \/>\n[ad_2]<br \/>\n<br \/><a href=\"https:\/\/twitter.com\/pedroisandretta\/statuses\/1444134361964720136\">Fonte<\/a> by <a href=\"https:\/\/t.co\/MfIsGWjH1p\">Projeto Informe-CI<\/a><\/p>\n","protected":false},"excerpt":{"rendered":"<p>[ad_1] Novo Relat\u00f3rio de Pesquisa Global: Am\u00e9rica Latina l Usando as cifras de 1981 como base, o crescimento da atividade e publica\u00e7\u00f5es de pesquisa foi maior na Am\u00e9rica Latina do que em qualquer outra regi\u00e3o at\u00e9 meados dos anos 2000. #Ci\u00eancia #Am\u00e9ricaLatina #WoS img06.en25.com\/Web\/ClarivateA\u2026 https:\/\/t.co\/kdyB6FNaC5 [ad_2] Fonte by Projeto Informe-CI<\/p>\n","protected":false},"author":1,"featured_media":12229,"comment_status":"open","ping_status":"open","sticky":false,"template":"","format":"standard","meta":{"_jetpack_memberships_contains_paid_content":false,"footnotes":"","jetpack_publicize_message":"","jetpack_publicize_feature_enabled":true,"jetpack_social_post_already_shared":true,"jetpack_social_options":{"image_generator_settings":{"template":"highway","default_image_id":0,"font":"","enabled":false},"version":2}},"categories":[21],"tags":[882,128,1603],"class_list":["post-12228","post","type-post","status-publish","format-standard","has-post-thumbnail","hentry","category-informeci","tag-americalatina","tag-ciencia","tag-webofscience"],"jetpack_publicize_connections":[],"jetpack_featured_media_url":"https:\/\/i0.wp.com\/www.pedroandretta.info\/index\/wp-content\/uploads\/2021\/10\/FAqYi0MXIAEO3a7.jpg?fit=608%2C873&ssl=1","views":"","jetpack_sharing_enabled":true,"_links":{"self":[{"href":"https:\/\/www.pedroandretta.info\/index\/wp-json\/wp\/v2\/posts\/12228","targetHints":{"allow":["GET"]}}],"collection":[{"href":"https:\/\/www.pedroandretta.info\/index\/wp-json\/wp\/v2\/posts"}],"about":[{"href":"https:\/\/www.pedroandretta.info\/index\/wp-json\/wp\/v2\/types\/post"}],"author":[{"embeddable":true,"href":"https:\/\/www.pedroandretta.info\/index\/wp-json\/wp\/v2\/users\/1"}],"replies":[{"embeddable":true,"href":"https:\/\/www.pedroandretta.info\/index\/wp-json\/wp\/v2\/comments?post=12228"}],"version-history":[{"count":0,"href":"https:\/\/www.pedroandretta.info\/index\/wp-json\/wp\/v2\/posts\/12228\/revisions"}],"wp:featuredmedia":[{"embeddable":true,"href":"https:\/\/www.pedroandretta.info\/index\/wp-json\/wp\/v2\/media\/12229"}],"wp:attachment":[{"href":"https:\/\/www.pedroandretta.info\/index\/wp-json\/wp\/v2\/media?parent=12228"}],"wp:term":[{"taxonomy":"category","embeddable":true,"href":"https:\/\/www.pedroandretta.info\/index\/wp-json\/wp\/v2\/categories?post=12228"},{"taxonomy":"post_tag","embeddable":true,"href":"https:\/\/www.pedroandretta.info\/index\/wp-json\/wp\/v2\/tags?post=12228"}],"curies":[{"name":"wp","href":"https:\/\/api.w.org\/{rel}","templated":true}]}}