{"id":12327,"date":"2021-10-09T17:04:00","date_gmt":"2021-10-09T21:04:00","guid":{"rendered":"https:\/\/www.pedroandretta.info\/index\/2021\/10\/09\/a-ala-publica-o-rascunho-com-as-novas-habilidades-basicas-dos-profissionais-de-b\/"},"modified":"2021-10-09T17:04:00","modified_gmt":"2021-10-09T21:04:00","slug":"a-ala-publica-o-rascunho-com-as-novas-habilidades-basicas-dos-profissionais-de-b","status":"publish","type":"post","link":"https:\/\/www.pedroandretta.info\/index\/2021\/10\/a-ala-publica-o-rascunho-com-as-novas-habilidades-basicas-dos-profissionais-de-b\/","title":{"rendered":"A ALA publica o rascunho com as novas habilidades b\u00e1sicas dos profissionais de b&#8230;"},"content":{"rendered":"<p>[ad_1]<\/p>\n<p>A ALA publica o rascunho com as novas habilidades b\u00e1sicas dos profissionais de biblioteca l S\u00e3o 48 compet\u00eancias b\u00e1sicas a serem levadas em considera\u00e7\u00e3o pelos profissionais da biblioteca. #Bibliotec\u00e1rios #Bibliotecas #Habilidades #ALA \ud83c\uddea\ud83c\uddf8 via @grupobaratz <a href=\"https:\/\/www.comunidadbaratz.com\/blog\/la-ala-publica-el-borrador-con-las-nuevas-competencias-basicas-de-los-profesionales-de-las-bibliotecas\/\" target=\"_blank\" rel=\"noopener\">comunidadbaratz.com\/blog\/la-ala-pu\u2026<\/a><br \/>\n[ad_2]<br \/>\n<br \/><a href=\"https:\/\/twitter.com\/pedroisandretta\/statuses\/1446944558315573251\">Fonte<\/a> by <a href=\"https:\/\/t.co\/MfIsGWjH1p\">Projeto Informe-CI<\/a><\/p>\n","protected":false},"excerpt":{"rendered":"<p>[ad_1] A ALA publica o rascunho com as novas habilidades b\u00e1sicas dos profissionais de biblioteca l S\u00e3o 48 compet\u00eancias b\u00e1sicas a serem levadas em considera\u00e7\u00e3o pelos profissionais da biblioteca. #Bibliotec\u00e1rios #Bibliotecas #Habilidades #ALA \ud83c\uddea\ud83c\uddf8 via @grupobaratz comunidadbaratz.com\/blog\/la-ala-pu\u2026 [ad_2] Fonte by Projeto Informe-CI<\/p>\n","protected":false},"author":1,"featured_media":0,"comment_status":"open","ping_status":"open","sticky":false,"template":"","format":"standard","meta":{"_jetpack_memberships_contains_paid_content":false,"footnotes":"","jetpack_publicize_message":"","jetpack_publicize_feature_enabled":true,"jetpack_social_post_already_shared":true,"jetpack_social_options":{"image_generator_settings":{"template":"highway","default_image_id":0,"font":"","enabled":false},"version":2}},"categories":[21],"tags":[712,22,38,1142],"class_list":["post-12327","post","type-post","status-publish","format-standard","hentry","category-informeci","tag-ala","tag-bibliotecarios","tag-bibliotecas","tag-habilidades"],"jetpack_publicize_connections":[],"jetpack_featured_media_url":"","views":"","jetpack_sharing_enabled":true,"_links":{"self":[{"href":"https:\/\/www.pedroandretta.info\/index\/wp-json\/wp\/v2\/posts\/12327","targetHints":{"allow":["GET"]}}],"collection":[{"href":"https:\/\/www.pedroandretta.info\/index\/wp-json\/wp\/v2\/posts"}],"about":[{"href":"https:\/\/www.pedroandretta.info\/index\/wp-json\/wp\/v2\/types\/post"}],"author":[{"embeddable":true,"href":"https:\/\/www.pedroandretta.info\/index\/wp-json\/wp\/v2\/users\/1"}],"replies":[{"embeddable":true,"href":"https:\/\/www.pedroandretta.info\/index\/wp-json\/wp\/v2\/comments?post=12327"}],"version-history":[{"count":0,"href":"https:\/\/www.pedroandretta.info\/index\/wp-json\/wp\/v2\/posts\/12327\/revisions"}],"wp:attachment":[{"href":"https:\/\/www.pedroandretta.info\/index\/wp-json\/wp\/v2\/media?parent=12327"}],"wp:term":[{"taxonomy":"category","embeddable":true,"href":"https:\/\/www.pedroandretta.info\/index\/wp-json\/wp\/v2\/categories?post=12327"},{"taxonomy":"post_tag","embeddable":true,"href":"https:\/\/www.pedroandretta.info\/index\/wp-json\/wp\/v2\/tags?post=12327"}],"curies":[{"name":"wp","href":"https:\/\/api.w.org\/{rel}","templated":true}]}}