{"id":12336,"date":"2021-10-10T15:57:00","date_gmt":"2021-10-10T19:57:00","guid":{"rendered":"https:\/\/www.pedroandretta.info\/index\/2021\/10\/10\/democracia-e-literatura-l-so-e-possivel-o-exercicio-da-literatura-em-ambiente-d\/"},"modified":"2021-10-10T15:57:00","modified_gmt":"2021-10-10T19:57:00","slug":"democracia-e-literatura-l-so-e-possivel-o-exercicio-da-literatura-em-ambiente-d","status":"publish","type":"post","link":"https:\/\/www.pedroandretta.info\/index\/2021\/10\/democracia-e-literatura-l-so-e-possivel-o-exercicio-da-literatura-em-ambiente-d\/","title":{"rendered":"Democracia e literatura l &#8220;S\u00f3 \u00e9 poss\u00edvel o exerc\u00edcio da literatura em ambiente d&#8230;"},"content":{"rendered":"<p>[ad_1]<\/p>\n<p>Democracia e literatura l &#8220;S\u00f3 \u00e9 poss\u00edvel o exerc\u00edcio da literatura em ambiente de liberdade de express\u00e3o \u2013 que se encontra amea\u00e7ada no Brasil&#8221; #Democracia #Literatura via Rascunho <a href=\"https:\/\/rascunho.com.br\/liberado\/democracia-e-literatura\/\" target=\"_blank\" rel=\"noopener\">rascunho.com.br\/liberado\/democ\u2026<\/a><br \/>\n[ad_2]<br \/>\n<br \/><a href=\"https:\/\/twitter.com\/pedroisandretta\/statuses\/1447290084810579969\">Fonte<\/a> by <a href=\"https:\/\/t.co\/MfIsGWjH1p\">Projeto Informe-CI<\/a><\/p>\n","protected":false},"excerpt":{"rendered":"<p>[ad_1] Democracia e literatura l &#8220;S\u00f3 \u00e9 poss\u00edvel o exerc\u00edcio da literatura em ambiente de liberdade de express\u00e3o \u2013 que se encontra amea\u00e7ada no Brasil&#8221; #Democracia #Literatura via Rascunho rascunho.com.br\/liberado\/democ\u2026 [ad_2] Fonte by Projeto Informe-CI<\/p>\n","protected":false},"author":1,"featured_media":0,"comment_status":"open","ping_status":"open","sticky":false,"template":"","format":"standard","meta":{"_jetpack_memberships_contains_paid_content":false,"footnotes":"","jetpack_publicize_message":"","jetpack_publicize_feature_enabled":true,"jetpack_social_post_already_shared":true,"jetpack_social_options":{"image_generator_settings":{"template":"highway","default_image_id":0,"font":"","enabled":false},"version":2}},"categories":[21],"tags":[303,150],"class_list":["post-12336","post","type-post","status-publish","format-standard","hentry","category-informeci","tag-democracia","tag-literatura"],"jetpack_publicize_connections":[],"jetpack_featured_media_url":"","views":"","jetpack_sharing_enabled":true,"_links":{"self":[{"href":"https:\/\/www.pedroandretta.info\/index\/wp-json\/wp\/v2\/posts\/12336","targetHints":{"allow":["GET"]}}],"collection":[{"href":"https:\/\/www.pedroandretta.info\/index\/wp-json\/wp\/v2\/posts"}],"about":[{"href":"https:\/\/www.pedroandretta.info\/index\/wp-json\/wp\/v2\/types\/post"}],"author":[{"embeddable":true,"href":"https:\/\/www.pedroandretta.info\/index\/wp-json\/wp\/v2\/users\/1"}],"replies":[{"embeddable":true,"href":"https:\/\/www.pedroandretta.info\/index\/wp-json\/wp\/v2\/comments?post=12336"}],"version-history":[{"count":0,"href":"https:\/\/www.pedroandretta.info\/index\/wp-json\/wp\/v2\/posts\/12336\/revisions"}],"wp:attachment":[{"href":"https:\/\/www.pedroandretta.info\/index\/wp-json\/wp\/v2\/media?parent=12336"}],"wp:term":[{"taxonomy":"category","embeddable":true,"href":"https:\/\/www.pedroandretta.info\/index\/wp-json\/wp\/v2\/categories?post=12336"},{"taxonomy":"post_tag","embeddable":true,"href":"https:\/\/www.pedroandretta.info\/index\/wp-json\/wp\/v2\/tags?post=12336"}],"curies":[{"name":"wp","href":"https:\/\/api.w.org\/{rel}","templated":true}]}}