{"id":12337,"date":"2021-10-10T16:57:00","date_gmt":"2021-10-10T20:57:00","guid":{"rendered":"https:\/\/www.pedroandretta.info\/index\/2021\/10\/10\/o-conceito-de-poder-na-legislacao-brasileira-de-direitos-autorais-e-dispositiv\/"},"modified":"2021-10-10T16:57:00","modified_gmt":"2021-10-10T20:57:00","slug":"o-conceito-de-poder-na-legislacao-brasileira-de-direitos-autorais-e-dispositiv","status":"publish","type":"post","link":"https:\/\/www.pedroandretta.info\/index\/2021\/10\/o-conceito-de-poder-na-legislacao-brasileira-de-direitos-autorais-e-dispositiv\/","title":{"rendered":"O conceito de \u2018poder\u2019 na legisla\u00e7\u00e3o brasileira de direitos autorais e dispositiv&#8230;"},"content":{"rendered":"<p>[ad_1]<br \/>\n<img data-recalc-dims=\"1\" decoding=\"async\" src=\"https:\/\/i0.wp.com\/www.eduardograziosi.com.br\/wp-content\/uploads\/2021\/09\/books-g6783fc050_1920.jpg?w=696\"\/><\/p>\n<p>O conceito de \u2018poder\u2019 na legisla\u00e7\u00e3o brasileira de direitos autorais e dispositivos jur\u00eddicos relacionados: um olhar a partir de Michel Foucault l Cap\u00edtulo de Eduardo G. Silva! #DireitosAutorais  #Foucault @mbibliotecario  via Eduardo Graziosi  <a href=\"http:\/\/www.eduardograziosi.com.br\/nova-publicacao-sobre-direitos-autorais\/\" target=\"_blank\" rel=\"noopener\">eduardograziosi.com.br\/nova-publicaca\u2026<\/a><br \/>\n[ad_2]<br \/>\n<br \/><a href=\"https:\/\/twitter.com\/pedroisandretta\/statuses\/1447305184153985025\">Fonte<\/a> by <a href=\"https:\/\/t.co\/MfIsGWjH1p\">Projeto Informe-CI<\/a><\/p>\n","protected":false},"excerpt":{"rendered":"<p>[ad_1] O conceito de \u2018poder\u2019 na legisla\u00e7\u00e3o brasileira de direitos autorais e dispositivos jur\u00eddicos relacionados: um olhar a partir de Michel Foucault l Cap\u00edtulo de Eduardo G. Silva! #DireitosAutorais #Foucault @mbibliotecario via Eduardo Graziosi eduardograziosi.com.br\/nova-publicaca\u2026 [ad_2] Fonte by Projeto Informe-CI<\/p>\n","protected":false},"author":1,"featured_media":12338,"comment_status":"open","ping_status":"open","sticky":false,"template":"","format":"standard","meta":{"_jetpack_memberships_contains_paid_content":false,"footnotes":"","jetpack_publicize_message":"","jetpack_publicize_feature_enabled":true,"jetpack_social_post_already_shared":true,"jetpack_social_options":{"image_generator_settings":{"template":"highway","default_image_id":0,"font":"","enabled":false},"version":2}},"categories":[21],"tags":[301,1404],"class_list":["post-12337","post","type-post","status-publish","format-standard","has-post-thumbnail","hentry","category-informeci","tag-direitosautorais","tag-foucault"],"jetpack_publicize_connections":[],"jetpack_featured_media_url":"https:\/\/i0.wp.com\/www.pedroandretta.info\/index\/wp-content\/uploads\/2021\/10\/books-g6783fc050_1920.jpg?fit=1920%2C1280&ssl=1","views":"","jetpack_sharing_enabled":true,"_links":{"self":[{"href":"https:\/\/www.pedroandretta.info\/index\/wp-json\/wp\/v2\/posts\/12337","targetHints":{"allow":["GET"]}}],"collection":[{"href":"https:\/\/www.pedroandretta.info\/index\/wp-json\/wp\/v2\/posts"}],"about":[{"href":"https:\/\/www.pedroandretta.info\/index\/wp-json\/wp\/v2\/types\/post"}],"author":[{"embeddable":true,"href":"https:\/\/www.pedroandretta.info\/index\/wp-json\/wp\/v2\/users\/1"}],"replies":[{"embeddable":true,"href":"https:\/\/www.pedroandretta.info\/index\/wp-json\/wp\/v2\/comments?post=12337"}],"version-history":[{"count":0,"href":"https:\/\/www.pedroandretta.info\/index\/wp-json\/wp\/v2\/posts\/12337\/revisions"}],"wp:featuredmedia":[{"embeddable":true,"href":"https:\/\/www.pedroandretta.info\/index\/wp-json\/wp\/v2\/media\/12338"}],"wp:attachment":[{"href":"https:\/\/www.pedroandretta.info\/index\/wp-json\/wp\/v2\/media?parent=12337"}],"wp:term":[{"taxonomy":"category","embeddable":true,"href":"https:\/\/www.pedroandretta.info\/index\/wp-json\/wp\/v2\/categories?post=12337"},{"taxonomy":"post_tag","embeddable":true,"href":"https:\/\/www.pedroandretta.info\/index\/wp-json\/wp\/v2\/tags?post=12337"}],"curies":[{"name":"wp","href":"https:\/\/api.w.org\/{rel}","templated":true}]}}