{"id":12425,"date":"2021-10-18T23:20:14","date_gmt":"2021-10-19T03:20:14","guid":{"rendered":"https:\/\/www.pedroandretta.info\/index\/2021\/10\/18\/enem-estado-reconhece-minha-existencia-diz-trans-que-usara-nome-social-l-no\/"},"modified":"2021-10-18T23:20:14","modified_gmt":"2021-10-19T03:20:14","slug":"enem-estado-reconhece-minha-existencia-diz-trans-que-usara-nome-social-l-no","status":"publish","type":"post","link":"https:\/\/www.pedroandretta.info\/index\/2021\/10\/enem-estado-reconhece-minha-existencia-diz-trans-que-usara-nome-social-l-no\/","title":{"rendered":"#Enem: &#8216;Estado reconhece minha exist\u00eancia&#8217;, diz trans que usar\u00e1 nome social l No&#8230;"},"content":{"rendered":"<p>[ad_1]<br \/>\n<img data-recalc-dims=\"1\" decoding=\"async\" src=\"https:\/\/i0.wp.com\/conteudo.imguol.com.br\/c\/noticias\/c6\/2021\/10\/14\/\/sanara-maria-dos-santos-araujo-22-anos-quer-conseguir-uma-vaga-na-ufabc-com-a-nota-do-enem-1634259705116_v2_450x450.jpg?w=696&#038;ssl=1\"\/><\/p>\n<p>#Enem: &#8216;Estado reconhece minha exist\u00eancia&#8217;, diz trans que usar\u00e1 nome social l No primeiro ano da mudan\u00e7a, 94 pessoas fizeram o pedido. De 2019 at\u00e9 o ano passado, o n\u00famero saltou 450%. Os dados do Enem 2021 ainda n\u00e3o foram divulgados. #PessoasTrans via UOL <a href=\"https:\/\/educacao.uol.com.br\/noticias\/2021\/10\/18\/nome-social-trans-enem.htm\" target=\"_blank\" rel=\"noopener\">educacao.uol.com.br\/noticias\/2021\/\u2026<\/a><br \/>\n[ad_2]<br \/>\n<br \/><a href=\"https:\/\/twitter.com\/pedroisandretta\/statuses\/1450300734004674560\">Fonte<\/a> by <a href=\"https:\/\/t.co\/MfIsGWjH1p\">Projeto Informe-CI<\/a><\/p>\n","protected":false},"excerpt":{"rendered":"<p>[ad_1] #Enem: &#8216;Estado reconhece minha exist\u00eancia&#8217;, diz trans que usar\u00e1 nome social l No primeiro ano da mudan\u00e7a, 94 pessoas fizeram o pedido. De 2019 at\u00e9 o ano passado, o n\u00famero saltou 450%. Os dados do Enem 2021 ainda n\u00e3o foram divulgados. #PessoasTrans via UOL educacao.uol.com.br\/noticias\/2021\/\u2026 [ad_2] Fonte by Projeto Informe-CI<\/p>\n","protected":false},"author":1,"featured_media":12426,"comment_status":"open","ping_status":"open","sticky":false,"template":"","format":"standard","meta":{"_jetpack_newsletter_access":"","_jetpack_dont_email_post_to_subs":false,"_jetpack_newsletter_tier_id":0,"_jetpack_memberships_contains_paywalled_content":false,"_jetpack_feature_clip_id":0,"_jetpack_memberships_contains_paid_content":false,"footnotes":"","jetpack_publicize_message":"","jetpack_publicize_feature_enabled":true,"jetpack_social_post_already_shared":true,"jetpack_social_options":{"image_generator_settings":{"template":"highway","default_image_id":0,"font":"","enabled":false},"version":2},"jetpack_post_was_ever_published":false},"categories":[21],"tags":[1331,2456],"class_list":["post-12425","post","type-post","status-publish","format-standard","has-post-thumbnail","hentry","category-informeci","tag-enem","tag-pessoastrans"],"jetpack_publicize_connections":[],"jetpack_featured_media_url":"https:\/\/i0.wp.com\/www.pedroandretta.info\/index\/wp-content\/uploads\/2021\/10\/sanara-maria-dos-santos-araujo-22-anos-quer-conseguir-uma-vaga-na-ufabc-com-a-nota-do-enem-1634259705116_v2_450x450.jpg?fit=450%2C450&ssl=1","views":"","jetpack_sharing_enabled":true,"_links":{"self":[{"href":"https:\/\/www.pedroandretta.info\/index\/wp-json\/wp\/v2\/posts\/12425","targetHints":{"allow":["GET"]}}],"collection":[{"href":"https:\/\/www.pedroandretta.info\/index\/wp-json\/wp\/v2\/posts"}],"about":[{"href":"https:\/\/www.pedroandretta.info\/index\/wp-json\/wp\/v2\/types\/post"}],"author":[{"embeddable":true,"href":"https:\/\/www.pedroandretta.info\/index\/wp-json\/wp\/v2\/users\/1"}],"replies":[{"embeddable":true,"href":"https:\/\/www.pedroandretta.info\/index\/wp-json\/wp\/v2\/comments?post=12425"}],"version-history":[{"count":0,"href":"https:\/\/www.pedroandretta.info\/index\/wp-json\/wp\/v2\/posts\/12425\/revisions"}],"wp:featuredmedia":[{"embeddable":true,"href":"https:\/\/www.pedroandretta.info\/index\/wp-json\/wp\/v2\/media\/12426"}],"wp:attachment":[{"href":"https:\/\/www.pedroandretta.info\/index\/wp-json\/wp\/v2\/media?parent=12425"}],"wp:term":[{"taxonomy":"category","embeddable":true,"href":"https:\/\/www.pedroandretta.info\/index\/wp-json\/wp\/v2\/categories?post=12425"},{"taxonomy":"post_tag","embeddable":true,"href":"https:\/\/www.pedroandretta.info\/index\/wp-json\/wp\/v2\/tags?post=12425"}],"curies":[{"name":"wp","href":"https:\/\/api.w.org\/{rel}","templated":true}]}}