{"id":12441,"date":"2021-10-20T15:21:00","date_gmt":"2021-10-20T19:21:00","guid":{"rendered":"https:\/\/www.pedroandretta.info\/index\/2021\/10\/20\/democracia-e-literatura-l-a-literatura-so-se-pode-se-realizar-plenamente-em-um\/"},"modified":"2021-10-20T15:21:00","modified_gmt":"2021-10-20T19:21:00","slug":"democracia-e-literatura-l-a-literatura-so-se-pode-se-realizar-plenamente-em-um","status":"publish","type":"post","link":"https:\/\/www.pedroandretta.info\/index\/2021\/10\/democracia-e-literatura-l-a-literatura-so-se-pode-se-realizar-plenamente-em-um\/","title":{"rendered":"Democracia e literatura l &#8220;A literatura s\u00f3 se pode se realizar plenamente em um &#8230;"},"content":{"rendered":"<p>[ad_1]<\/p>\n<p>Democracia e literatura l &#8220;A literatura s\u00f3 se pode se realizar plenamente em um ambiente de liberdade de express\u00e3o e de amplo acesso a uma educa\u00e7\u00e3o de qualidade [&#8230;]&#8221; #Literatura #Democracia #Forma\u00e7\u00e3oDeLeitores via Emilia <a href=\"https:\/\/emilia.org.br\/democracia-e-literatura\/\" target=\"_blank\" rel=\"noopener\">emilia.org.br\/democracia-e-l\u2026<\/a><br \/>\n[ad_2]<br \/>\n<br \/><a href=\"https:\/\/twitter.com\/pedroisandretta\/statuses\/1450904903799431168\">Fonte<\/a> by <a href=\"https:\/\/t.co\/MfIsGWjH1p\">Projeto Informe-CI<\/a><\/p>\n","protected":false},"excerpt":{"rendered":"<p>[ad_1] Democracia e literatura l &#8220;A literatura s\u00f3 se pode se realizar plenamente em um ambiente de liberdade de express\u00e3o e de amplo acesso a uma educa\u00e7\u00e3o de qualidade [&#8230;]&#8221; #Literatura #Democracia #Forma\u00e7\u00e3oDeLeitores via Emilia emilia.org.br\/democracia-e-l\u2026 [ad_2] Fonte by Projeto Informe-CI<\/p>\n","protected":false},"author":1,"featured_media":0,"comment_status":"open","ping_status":"open","sticky":false,"template":"","format":"standard","meta":{"_jetpack_memberships_contains_paid_content":false,"footnotes":"","jetpack_publicize_message":"","jetpack_publicize_feature_enabled":true,"jetpack_social_post_already_shared":true,"jetpack_social_options":{"image_generator_settings":{"template":"highway","default_image_id":0,"font":"","enabled":false},"version":2}},"categories":[21],"tags":[303,922,150],"class_list":["post-12441","post","type-post","status-publish","format-standard","hentry","category-informeci","tag-democracia","tag-formacaodeleitores","tag-literatura"],"jetpack_publicize_connections":[],"jetpack_featured_media_url":"","views":"","jetpack_sharing_enabled":true,"_links":{"self":[{"href":"https:\/\/www.pedroandretta.info\/index\/wp-json\/wp\/v2\/posts\/12441","targetHints":{"allow":["GET"]}}],"collection":[{"href":"https:\/\/www.pedroandretta.info\/index\/wp-json\/wp\/v2\/posts"}],"about":[{"href":"https:\/\/www.pedroandretta.info\/index\/wp-json\/wp\/v2\/types\/post"}],"author":[{"embeddable":true,"href":"https:\/\/www.pedroandretta.info\/index\/wp-json\/wp\/v2\/users\/1"}],"replies":[{"embeddable":true,"href":"https:\/\/www.pedroandretta.info\/index\/wp-json\/wp\/v2\/comments?post=12441"}],"version-history":[{"count":0,"href":"https:\/\/www.pedroandretta.info\/index\/wp-json\/wp\/v2\/posts\/12441\/revisions"}],"wp:attachment":[{"href":"https:\/\/www.pedroandretta.info\/index\/wp-json\/wp\/v2\/media?parent=12441"}],"wp:term":[{"taxonomy":"category","embeddable":true,"href":"https:\/\/www.pedroandretta.info\/index\/wp-json\/wp\/v2\/categories?post=12441"},{"taxonomy":"post_tag","embeddable":true,"href":"https:\/\/www.pedroandretta.info\/index\/wp-json\/wp\/v2\/tags?post=12441"}],"curies":[{"name":"wp","href":"https:\/\/api.w.org\/{rel}","templated":true}]}}