{"id":12472,"date":"2021-10-22T19:17:14","date_gmt":"2021-10-22T23:17:14","guid":{"rendered":"https:\/\/www.pedroandretta.info\/index\/2021\/10\/22\/101-historias-de-bibliotecarios-para-descobrir-o-mundo-das-bibliotecas-l-lancado\/"},"modified":"2021-10-22T19:17:14","modified_gmt":"2021-10-22T23:17:14","slug":"101-historias-de-bibliotecarios-para-descobrir-o-mundo-das-bibliotecas-l-lancado","status":"publish","type":"post","link":"https:\/\/www.pedroandretta.info\/index\/2021\/10\/101-historias-de-bibliotecarios-para-descobrir-o-mundo-das-bibliotecas-l-lancado\/","title":{"rendered":"101 hist\u00f3rias de bibliotec\u00e1rios para descobrir o mundo das bibliotecas l Lan\u00e7ado&#8230;"},"content":{"rendered":"<p>[ad_1]<\/p>\n<p>101 hist\u00f3rias de bibliotec\u00e1rios para descobrir o mundo das bibliotecas l Lan\u00e7ado \u201c101 relatos bibliotecarios\u201d da editora espanhola Editorial Vinatea! \ud83e\udd29 #Bibliotec\u00e1rios #LivrosCI via @sbibliotecario <a href=\"https:\/\/soybibliotecario.blogspot.com\/2021\/10\/101-relatos-bibliotecarios.html\" target=\"_blank\" rel=\"noopener\">soybibliotecario.blogspot.com\/2021\/10\/101-re\u2026<\/a><br \/>\n[ad_2]<br \/>\n<br \/><a href=\"https:\/\/twitter.com\/pedroisandretta\/statuses\/1451689132011438080\">Fonte<\/a> by <a href=\"https:\/\/t.co\/MfIsGWjH1p\">Projeto Informe-CI<\/a><\/p>\n","protected":false},"excerpt":{"rendered":"<p>[ad_1] 101 hist\u00f3rias de bibliotec\u00e1rios para descobrir o mundo das bibliotecas l Lan\u00e7ado \u201c101 relatos bibliotecarios\u201d da editora espanhola Editorial Vinatea! \ud83e\udd29 #Bibliotec\u00e1rios #LivrosCI via @sbibliotecario soybibliotecario.blogspot.com\/2021\/10\/101-re\u2026 [ad_2] Fonte by Projeto Informe-CI<\/p>\n","protected":false},"author":1,"featured_media":0,"comment_status":"open","ping_status":"open","sticky":false,"template":"","format":"standard","meta":{"_jetpack_memberships_contains_paid_content":false,"footnotes":"","jetpack_publicize_message":"","jetpack_publicize_feature_enabled":true,"jetpack_social_post_already_shared":true,"jetpack_social_options":{"image_generator_settings":{"template":"highway","default_image_id":0,"font":"","enabled":false},"version":2}},"categories":[21],"tags":[22,1733],"class_list":["post-12472","post","type-post","status-publish","format-standard","hentry","category-informeci","tag-bibliotecarios","tag-livrosci"],"jetpack_publicize_connections":[],"jetpack_featured_media_url":"","views":"","jetpack_sharing_enabled":true,"_links":{"self":[{"href":"https:\/\/www.pedroandretta.info\/index\/wp-json\/wp\/v2\/posts\/12472","targetHints":{"allow":["GET"]}}],"collection":[{"href":"https:\/\/www.pedroandretta.info\/index\/wp-json\/wp\/v2\/posts"}],"about":[{"href":"https:\/\/www.pedroandretta.info\/index\/wp-json\/wp\/v2\/types\/post"}],"author":[{"embeddable":true,"href":"https:\/\/www.pedroandretta.info\/index\/wp-json\/wp\/v2\/users\/1"}],"replies":[{"embeddable":true,"href":"https:\/\/www.pedroandretta.info\/index\/wp-json\/wp\/v2\/comments?post=12472"}],"version-history":[{"count":0,"href":"https:\/\/www.pedroandretta.info\/index\/wp-json\/wp\/v2\/posts\/12472\/revisions"}],"wp:attachment":[{"href":"https:\/\/www.pedroandretta.info\/index\/wp-json\/wp\/v2\/media?parent=12472"}],"wp:term":[{"taxonomy":"category","embeddable":true,"href":"https:\/\/www.pedroandretta.info\/index\/wp-json\/wp\/v2\/categories?post=12472"},{"taxonomy":"post_tag","embeddable":true,"href":"https:\/\/www.pedroandretta.info\/index\/wp-json\/wp\/v2\/tags?post=12472"}],"curies":[{"name":"wp","href":"https:\/\/api.w.org\/{rel}","templated":true}]}}