{"id":12482,"date":"2021-10-23T15:30:54","date_gmt":"2021-10-23T19:30:54","guid":{"rendered":"https:\/\/www.pedroandretta.info\/index\/2021\/10\/23\/bibliotecarios-e-cientistas-versus-insetos-bibliofagos-l-o-livro-e-um-objeto\/"},"modified":"2021-10-23T15:30:54","modified_gmt":"2021-10-23T19:30:54","slug":"bibliotecarios-e-cientistas-versus-insetos-bibliofagos-l-o-livro-e-um-objeto","status":"publish","type":"post","link":"https:\/\/www.pedroandretta.info\/index\/2021\/10\/bibliotecarios-e-cientistas-versus-insetos-bibliofagos-l-o-livro-e-um-objeto\/","title":{"rendered":"Bibliotec\u00e1rios e cientistas versus insetos bibli\u00f3fagos&#8230; l &#8220;O livro \u00e9 um objeto&#8230;"},"content":{"rendered":"<p>[ad_1]<br \/>\n<img data-recalc-dims=\"1\" decoding=\"async\" src=\"https:\/\/i0.wp.com\/pbs.twimg.com\/media\/FCaEqnZX0AgsUB_.jpg?w=696&#038;ssl=1\" \/><\/p>\n<p>Bibliotec\u00e1rios e cientistas versus insetos bibli\u00f3fagos&#8230; l &#8220;O livro \u00e9 um objeto org\u00e2nico. Como todo corpo vivo, o livro \u00e9 perec\u00edvel, combust\u00edvel e at\u00e9 mesmo comest\u00edvel.&#8221;<br \/>\n(MELOT, 2012, p. 185)<br \/>\n #Desinfesta\u00e7\u00e3o #Pesticidas #Conserva\u00e7\u00e3oERestauro <a href=\"http:\/\/revistamuseologiaepatrimonio.mast.br\/index.php\/ppgpmus\/article\/view\/897\" target=\"_blank\" rel=\"noopener\">revistamuseologiaepatrimonio.mast.br\/index.php\/ppgp\u2026<\/a> <a href=\"https:\/\/t.co\/WLfF1zq1Oz\" target=\"_blank\" rel=\"noopener\">https:\/\/t.co\/WLfF1zq1Oz<\/a><br \/>\n[ad_2]<br \/>\n<br \/><a href=\"https:\/\/twitter.com\/pedroisandretta\/statuses\/1451994557978120199\">Fonte<\/a> by <a href=\"https:\/\/t.co\/MfIsGWjH1p\">Projeto Informe-CI<\/a><\/p>\n","protected":false},"excerpt":{"rendered":"<p>[ad_1] Bibliotec\u00e1rios e cientistas versus insetos bibli\u00f3fagos&#8230; l &#8220;O livro \u00e9 um objeto org\u00e2nico. Como todo corpo vivo, o livro \u00e9 perec\u00edvel, combust\u00edvel e at\u00e9 mesmo comest\u00edvel.&#8221; (MELOT, 2012, p. 185) #Desinfesta\u00e7\u00e3o #Pesticidas #Conserva\u00e7\u00e3oERestauro revistamuseologiaepatrimonio.mast.br\/index.php\/ppgp\u2026 https:\/\/t.co\/WLfF1zq1Oz [ad_2] Fonte by Projeto Informe-CI<\/p>\n","protected":false},"author":1,"featured_media":12483,"comment_status":"open","ping_status":"open","sticky":false,"template":"","format":"standard","meta":{"_jetpack_newsletter_access":"","_jetpack_dont_email_post_to_subs":false,"_jetpack_newsletter_tier_id":0,"_jetpack_memberships_contains_paywalled_content":false,"_jetpack_feature_clip_id":0,"_jetpack_memberships_contains_paid_content":false,"footnotes":"","jetpack_publicize_message":"","jetpack_publicize_feature_enabled":true,"jetpack_social_post_already_shared":true,"jetpack_social_options":{"image_generator_settings":{"template":"highway","default_image_id":0,"font":"","enabled":false},"version":2},"jetpack_post_was_ever_published":false},"categories":[21],"tags":[605,2740,2741],"class_list":["post-12482","post","type-post","status-publish","format-standard","has-post-thumbnail","hentry","category-informeci","tag-conservacaoerestauro","tag-desinfestacao","tag-pesticidas"],"jetpack_publicize_connections":[],"jetpack_featured_media_url":"https:\/\/i0.wp.com\/www.pedroandretta.info\/index\/wp-content\/uploads\/2021\/10\/FCaEqnZX0AgsUB_.jpg?fit=412%2C587&ssl=1","views":"","jetpack_sharing_enabled":true,"_links":{"self":[{"href":"https:\/\/www.pedroandretta.info\/index\/wp-json\/wp\/v2\/posts\/12482","targetHints":{"allow":["GET"]}}],"collection":[{"href":"https:\/\/www.pedroandretta.info\/index\/wp-json\/wp\/v2\/posts"}],"about":[{"href":"https:\/\/www.pedroandretta.info\/index\/wp-json\/wp\/v2\/types\/post"}],"author":[{"embeddable":true,"href":"https:\/\/www.pedroandretta.info\/index\/wp-json\/wp\/v2\/users\/1"}],"replies":[{"embeddable":true,"href":"https:\/\/www.pedroandretta.info\/index\/wp-json\/wp\/v2\/comments?post=12482"}],"version-history":[{"count":0,"href":"https:\/\/www.pedroandretta.info\/index\/wp-json\/wp\/v2\/posts\/12482\/revisions"}],"wp:featuredmedia":[{"embeddable":true,"href":"https:\/\/www.pedroandretta.info\/index\/wp-json\/wp\/v2\/media\/12483"}],"wp:attachment":[{"href":"https:\/\/www.pedroandretta.info\/index\/wp-json\/wp\/v2\/media?parent=12482"}],"wp:term":[{"taxonomy":"category","embeddable":true,"href":"https:\/\/www.pedroandretta.info\/index\/wp-json\/wp\/v2\/categories?post=12482"},{"taxonomy":"post_tag","embeddable":true,"href":"https:\/\/www.pedroandretta.info\/index\/wp-json\/wp\/v2\/tags?post=12482"}],"curies":[{"name":"wp","href":"https:\/\/api.w.org\/{rel}","templated":true}]}}