{"id":12585,"date":"2021-11-01T01:02:04","date_gmt":"2021-11-01T05:02:04","guid":{"rendered":"https:\/\/www.pedroandretta.info\/index\/2021\/11\/01\/apos-18-anos-bolsa-familia-faz-seu-ultimo-pagamento-nesta-sexta-feira-l-progra\/"},"modified":"2021-11-01T01:02:04","modified_gmt":"2021-11-01T05:02:04","slug":"apos-18-anos-bolsa-familia-faz-seu-ultimo-pagamento-nesta-sexta-feira-l-progra","status":"publish","type":"post","link":"https:\/\/www.pedroandretta.info\/index\/2021\/11\/apos-18-anos-bolsa-familia-faz-seu-ultimo-pagamento-nesta-sexta-feira-l-progra\/","title":{"rendered":"Ap\u00f3s 18 anos, Bolsa Fam\u00edlia faz seu \u00faltimo pagamento nesta sexta-feira l &#8220;Progra&#8230;"},"content":{"rendered":"<p>[ad_1]<br \/>\n<img data-recalc-dims=\"1\" decoding=\"async\" src=\"https:\/\/i0.wp.com\/s2.glbimg.com\/z7wumQegkMtXW7vc-6SVxPfzsvA%3D\/1200x\/smart\/filters%3Acover%28%29%3Astrip_icc%28%29\/s03.video.glbimg.com\/x720\/9992554.jpg?w=696&#038;ssl=1\"\/><\/p>\n<p>Ap\u00f3s 18 anos, Bolsa Fam\u00edlia faz seu \u00faltimo pagamento nesta sexta-feira l &#8220;Programa ser\u00e1 extinto por for\u00e7a da MP que cria o Aux\u00edlio Brasil; novo programa, entretanto, sofre com incertezas.&#8221; #GovernoBolsonaro #BolsaFam\u00edlia #Aux\u00edlioBrasil via G1 <a href=\"https:\/\/g1.globo.com\/economia\/noticia\/2021\/10\/29\/apos-18-anos-bolsa-familia-faz-seu-ultimo-pagamento-nesta-sexta-feira.ghtml\" target=\"_blank\" rel=\"noopener\">g1.globo.com\/economia\/notic\u2026<\/a><br \/>\n[ad_2]<br \/>\n<br \/><a href=\"https:\/\/twitter.com\/pedroisandretta\/statuses\/1455037402649595910\">Fonte<\/a> by <a href=\"https:\/\/t.co\/MfIsGWjH1p\">Projeto Informe-CI<\/a><\/p>\n","protected":false},"excerpt":{"rendered":"<p>[ad_1] Ap\u00f3s 18 anos, Bolsa Fam\u00edlia faz seu \u00faltimo pagamento nesta sexta-feira l &#8220;Programa ser\u00e1 extinto por for\u00e7a da MP que cria o Aux\u00edlio Brasil; novo programa, entretanto, sofre com incertezas.&#8221; #GovernoBolsonaro #BolsaFam\u00edlia #Aux\u00edlioBrasil via G1 g1.globo.com\/economia\/notic\u2026 [ad_2] Fonte by Projeto Informe-CI<\/p>\n","protected":false},"author":1,"featured_media":12586,"comment_status":"open","ping_status":"open","sticky":false,"template":"","format":"standard","meta":{"_jetpack_memberships_contains_paid_content":false,"footnotes":"","jetpack_publicize_message":"","jetpack_publicize_feature_enabled":true,"jetpack_social_post_already_shared":true,"jetpack_social_options":{"image_generator_settings":{"template":"highway","default_image_id":0,"font":"","enabled":false},"version":2}},"categories":[21],"tags":[2760,2759,2267],"class_list":["post-12585","post","type-post","status-publish","format-standard","has-post-thumbnail","hentry","category-informeci","tag-auxiliobrasil","tag-bolsafamilia","tag-governobolsonaro"],"jetpack_publicize_connections":[],"jetpack_featured_media_url":"https:\/\/i0.wp.com\/www.pedroandretta.info\/index\/wp-content\/uploads\/2021\/11\/9992554.jpg?fit=1200%2C675&ssl=1","views":"","jetpack_sharing_enabled":true,"_links":{"self":[{"href":"https:\/\/www.pedroandretta.info\/index\/wp-json\/wp\/v2\/posts\/12585","targetHints":{"allow":["GET"]}}],"collection":[{"href":"https:\/\/www.pedroandretta.info\/index\/wp-json\/wp\/v2\/posts"}],"about":[{"href":"https:\/\/www.pedroandretta.info\/index\/wp-json\/wp\/v2\/types\/post"}],"author":[{"embeddable":true,"href":"https:\/\/www.pedroandretta.info\/index\/wp-json\/wp\/v2\/users\/1"}],"replies":[{"embeddable":true,"href":"https:\/\/www.pedroandretta.info\/index\/wp-json\/wp\/v2\/comments?post=12585"}],"version-history":[{"count":0,"href":"https:\/\/www.pedroandretta.info\/index\/wp-json\/wp\/v2\/posts\/12585\/revisions"}],"wp:featuredmedia":[{"embeddable":true,"href":"https:\/\/www.pedroandretta.info\/index\/wp-json\/wp\/v2\/media\/12586"}],"wp:attachment":[{"href":"https:\/\/www.pedroandretta.info\/index\/wp-json\/wp\/v2\/media?parent=12585"}],"wp:term":[{"taxonomy":"category","embeddable":true,"href":"https:\/\/www.pedroandretta.info\/index\/wp-json\/wp\/v2\/categories?post=12585"},{"taxonomy":"post_tag","embeddable":true,"href":"https:\/\/www.pedroandretta.info\/index\/wp-json\/wp\/v2\/tags?post=12585"}],"curies":[{"name":"wp","href":"https:\/\/api.w.org\/{rel}","templated":true}]}}