{"id":12822,"date":"2021-11-18T15:47:52","date_gmt":"2021-11-18T19:47:52","guid":{"rendered":"https:\/\/www.pedroandretta.info\/index\/2021\/11\/18\/a-batalha-pelas-bibliotecas-do-afeganistao-lbibliotecas-e-arquivos-tem-sido-in\/"},"modified":"2021-11-18T15:47:52","modified_gmt":"2021-11-18T19:47:52","slug":"a-batalha-pelas-bibliotecas-do-afeganistao-lbibliotecas-e-arquivos-tem-sido-in","status":"publish","type":"post","link":"https:\/\/www.pedroandretta.info\/index\/2021\/11\/a-batalha-pelas-bibliotecas-do-afeganistao-lbibliotecas-e-arquivos-tem-sido-in\/","title":{"rendered":"A batalha pelas bibliotecas do #Afeganist\u00e3o l\u201cBibliotecas e arquivos t\u00eam sido in&#8230;"},"content":{"rendered":"<p>[ad_1]<\/p>\n<p>A batalha pelas bibliotecas do #Afeganist\u00e3o l\u201cBibliotecas e arquivos t\u00eam sido institui\u00e7\u00f5es essenciais de apoio \u00e0 educa\u00e7\u00e3o, especialmente para meninas e mulheres, e onde uma diversidade de conhecimentos pode ser acessada\u201d #Hist\u00f3riaDasBibliotecas via Biblioo <a href=\"https:\/\/biblioo.info\/a-batalha-pelas-bibliotecas-do-afeganistao\/\" target=\"_blank\" rel=\"noopener\">biblioo.info\/a-batalha-pela\u2026<\/a><br \/>\n[ad_2]<br \/>\n<br \/><a href=\"https:\/\/twitter.com\/pedroisandretta\/statuses\/1461420913187078159\">Fonte<\/a> by <a href=\"https:\/\/t.co\/qdDIov5LTC\">Projeto Informe-CI<\/a><\/p>\n","protected":false},"excerpt":{"rendered":"<p>[ad_1] A batalha pelas bibliotecas do #Afeganist\u00e3o l\u201cBibliotecas e arquivos t\u00eam sido institui\u00e7\u00f5es essenciais de apoio \u00e0 educa\u00e7\u00e3o, especialmente para meninas e mulheres, e onde uma diversidade de conhecimentos pode ser acessada\u201d #Hist\u00f3riaDasBibliotecas via Biblioo biblioo.info\/a-batalha-pela\u2026 [ad_2] Fonte by Projeto Informe-CI<\/p>\n","protected":false},"author":1,"featured_media":0,"comment_status":"open","ping_status":"open","sticky":false,"template":"","format":"standard","meta":{"_jetpack_memberships_contains_paid_content":false,"footnotes":"","jetpack_publicize_message":"","jetpack_publicize_feature_enabled":true,"jetpack_social_post_already_shared":true,"jetpack_social_options":{"image_generator_settings":{"template":"highway","default_image_id":0,"font":"","enabled":false},"version":2}},"categories":[21],"tags":[2557,701],"class_list":["post-12822","post","type-post","status-publish","format-standard","hentry","category-informeci","tag-afeganistao","tag-historiadasbibliotecas"],"jetpack_publicize_connections":[],"jetpack_featured_media_url":"","views":"","jetpack_sharing_enabled":true,"_links":{"self":[{"href":"https:\/\/www.pedroandretta.info\/index\/wp-json\/wp\/v2\/posts\/12822","targetHints":{"allow":["GET"]}}],"collection":[{"href":"https:\/\/www.pedroandretta.info\/index\/wp-json\/wp\/v2\/posts"}],"about":[{"href":"https:\/\/www.pedroandretta.info\/index\/wp-json\/wp\/v2\/types\/post"}],"author":[{"embeddable":true,"href":"https:\/\/www.pedroandretta.info\/index\/wp-json\/wp\/v2\/users\/1"}],"replies":[{"embeddable":true,"href":"https:\/\/www.pedroandretta.info\/index\/wp-json\/wp\/v2\/comments?post=12822"}],"version-history":[{"count":0,"href":"https:\/\/www.pedroandretta.info\/index\/wp-json\/wp\/v2\/posts\/12822\/revisions"}],"wp:attachment":[{"href":"https:\/\/www.pedroandretta.info\/index\/wp-json\/wp\/v2\/media?parent=12822"}],"wp:term":[{"taxonomy":"category","embeddable":true,"href":"https:\/\/www.pedroandretta.info\/index\/wp-json\/wp\/v2\/categories?post=12822"},{"taxonomy":"post_tag","embeddable":true,"href":"https:\/\/www.pedroandretta.info\/index\/wp-json\/wp\/v2\/tags?post=12822"}],"curies":[{"name":"wp","href":"https:\/\/api.w.org\/{rel}","templated":true}]}}