{"id":12823,"date":"2021-11-18T15:36:35","date_gmt":"2021-11-18T19:36:35","guid":{"rendered":"https:\/\/www.pedroandretta.info\/index\/2021\/11\/18\/sbpc-se-manifesta-em-defesa-do-arquivo-publico-do-estado-da-bahia-l-manter-o-pa\/"},"modified":"2021-11-18T15:36:35","modified_gmt":"2021-11-18T19:36:35","slug":"sbpc-se-manifesta-em-defesa-do-arquivo-publico-do-estado-da-bahia-l-manter-o-pa","status":"publish","type":"post","link":"https:\/\/www.pedroandretta.info\/index\/2021\/11\/sbpc-se-manifesta-em-defesa-do-arquivo-publico-do-estado-da-bahia-l-manter-o-pa\/","title":{"rendered":"SBPC se manifesta em defesa do Arquivo P\u00fablico do Estado da Bahia l \u201cManter o pa&#8230;"},"content":{"rendered":"<p>[ad_1]<\/p>\n<p>SBPC se manifesta em defesa do Arquivo P\u00fablico do Estado da Bahia l \u201cManter o patrim\u00f4nio hist\u00f3rico nacional \u00e9 essencial na prote\u00e7\u00e3o da cultura brasileira.\u201d #ArquivoP\u00fablicoDoEstadoDaBahia via Jornal da Ci\u00eancia <a href=\"http:\/\/www.jornaldaciencia.org.br\/sbpc-se-manifesta-em-defesa-do-arquivo-publico-do-estado-da-bahia\/\" target=\"_blank\" rel=\"noopener\">jornaldaciencia.org.br\/sbpc-se-manife\u2026<\/a><br \/>\n[ad_2]<br \/>\n<br \/><a href=\"https:\/\/twitter.com\/pedroisandretta\/statuses\/1461418076302422016\">Fonte<\/a> by <a href=\"https:\/\/t.co\/qdDIov5LTC\">Projeto Informe-CI<\/a><\/p>\n","protected":false},"excerpt":{"rendered":"<p>[ad_1] SBPC se manifesta em defesa do Arquivo P\u00fablico do Estado da Bahia l \u201cManter o patrim\u00f4nio hist\u00f3rico nacional \u00e9 essencial na prote\u00e7\u00e3o da cultura brasileira.\u201d #ArquivoP\u00fablicoDoEstadoDaBahia via Jornal da Ci\u00eancia jornaldaciencia.org.br\/sbpc-se-manife\u2026 [ad_2] Fonte by Projeto Informe-CI<\/p>\n","protected":false},"author":1,"featured_media":0,"comment_status":"open","ping_status":"open","sticky":false,"template":"","format":"standard","meta":{"_jetpack_memberships_contains_paid_content":false,"footnotes":"","jetpack_publicize_message":"","jetpack_publicize_feature_enabled":true,"jetpack_social_post_already_shared":true,"jetpack_social_options":{"image_generator_settings":{"template":"highway","default_image_id":0,"font":"","enabled":false},"version":2}},"categories":[21],"tags":[2799],"class_list":["post-12823","post","type-post","status-publish","format-standard","hentry","category-informeci","tag-arquivopublicodoestadodabahia"],"jetpack_publicize_connections":[],"jetpack_featured_media_url":"","views":"","jetpack_sharing_enabled":true,"_links":{"self":[{"href":"https:\/\/www.pedroandretta.info\/index\/wp-json\/wp\/v2\/posts\/12823","targetHints":{"allow":["GET"]}}],"collection":[{"href":"https:\/\/www.pedroandretta.info\/index\/wp-json\/wp\/v2\/posts"}],"about":[{"href":"https:\/\/www.pedroandretta.info\/index\/wp-json\/wp\/v2\/types\/post"}],"author":[{"embeddable":true,"href":"https:\/\/www.pedroandretta.info\/index\/wp-json\/wp\/v2\/users\/1"}],"replies":[{"embeddable":true,"href":"https:\/\/www.pedroandretta.info\/index\/wp-json\/wp\/v2\/comments?post=12823"}],"version-history":[{"count":0,"href":"https:\/\/www.pedroandretta.info\/index\/wp-json\/wp\/v2\/posts\/12823\/revisions"}],"wp:attachment":[{"href":"https:\/\/www.pedroandretta.info\/index\/wp-json\/wp\/v2\/media?parent=12823"}],"wp:term":[{"taxonomy":"category","embeddable":true,"href":"https:\/\/www.pedroandretta.info\/index\/wp-json\/wp\/v2\/categories?post=12823"},{"taxonomy":"post_tag","embeddable":true,"href":"https:\/\/www.pedroandretta.info\/index\/wp-json\/wp\/v2\/tags?post=12823"}],"curies":[{"name":"wp","href":"https:\/\/api.w.org\/{rel}","templated":true}]}}