{"id":12833,"date":"2021-11-19T15:17:30","date_gmt":"2021-11-19T19:17:30","guid":{"rendered":"https:\/\/www.pedroandretta.info\/index\/2021\/11\/19\/sai-uma-bibliotecaria-e-entra-um-advogado-sem-experiencia-no-ramo-para-dirigir\/"},"modified":"2021-11-19T15:17:30","modified_gmt":"2021-11-19T19:17:30","slug":"sai-uma-bibliotecaria-e-entra-um-advogado-sem-experiencia-no-ramo-para-dirigir","status":"publish","type":"post","link":"https:\/\/www.pedroandretta.info\/index\/2021\/11\/sai-uma-bibliotecaria-e-entra-um-advogado-sem-experiencia-no-ramo-para-dirigir\/","title":{"rendered":"Sai uma bibliotec\u00e1ria e entra um advogado, sem experi\u00eancia no ramo, para dirigir&#8230;"},"content":{"rendered":"<p>[ad_1]<\/p>\n<p>Sai uma bibliotec\u00e1ria e entra um advogado, sem experi\u00eancia no ramo, para dirigir o Arquivo Nacional l &#8220;O Arquivo Nacional \u00e9 um \u00f3rg\u00e3o central do Sistema de Gest\u00e3o de Documentos de Arquivo, da administra\u00e7\u00e3o p\u00fablica federal [&#8230;]&#8221; #ArquivoNacional via Biblioo <a href=\"https:\/\/biblioo.info\/sai-uma-bibliotecaria-e-entra-um-advogado-sem-experiencia-no-ramo-para-dirigir-o-arquivo-nacional\/\" target=\"_blank\" rel=\"noopener\">biblioo.info\/sai-uma-biblio\u2026<\/a><br \/>\n[ad_2]<br \/>\n<br \/><a href=\"https:\/\/twitter.com\/pedroisandretta\/statuses\/1461775661568245765\">Fonte<\/a> by <a href=\"https:\/\/t.co\/qdDIov5LTC\">Projeto Informe-CI<\/a><\/p>\n","protected":false},"excerpt":{"rendered":"<p>[ad_1] Sai uma bibliotec\u00e1ria e entra um advogado, sem experi\u00eancia no ramo, para dirigir o Arquivo Nacional l &#8220;O Arquivo Nacional \u00e9 um \u00f3rg\u00e3o central do Sistema de Gest\u00e3o de Documentos de Arquivo, da administra\u00e7\u00e3o p\u00fablica federal [&#8230;]&#8221; #ArquivoNacional via Biblioo biblioo.info\/sai-uma-biblio\u2026 [ad_2] Fonte by Projeto Informe-CI<\/p>\n","protected":false},"author":1,"featured_media":0,"comment_status":"open","ping_status":"open","sticky":false,"template":"","format":"standard","meta":{"_jetpack_memberships_contains_paid_content":false,"footnotes":"","jetpack_publicize_message":"","jetpack_publicize_feature_enabled":true,"jetpack_social_post_already_shared":true,"jetpack_social_options":{"image_generator_settings":{"template":"highway","default_image_id":0,"font":"","enabled":false},"version":2}},"categories":[21],"tags":[652],"class_list":["post-12833","post","type-post","status-publish","format-standard","hentry","category-informeci","tag-arquivonacional"],"jetpack_publicize_connections":[],"jetpack_featured_media_url":"","views":"","jetpack_sharing_enabled":true,"_links":{"self":[{"href":"https:\/\/www.pedroandretta.info\/index\/wp-json\/wp\/v2\/posts\/12833","targetHints":{"allow":["GET"]}}],"collection":[{"href":"https:\/\/www.pedroandretta.info\/index\/wp-json\/wp\/v2\/posts"}],"about":[{"href":"https:\/\/www.pedroandretta.info\/index\/wp-json\/wp\/v2\/types\/post"}],"author":[{"embeddable":true,"href":"https:\/\/www.pedroandretta.info\/index\/wp-json\/wp\/v2\/users\/1"}],"replies":[{"embeddable":true,"href":"https:\/\/www.pedroandretta.info\/index\/wp-json\/wp\/v2\/comments?post=12833"}],"version-history":[{"count":0,"href":"https:\/\/www.pedroandretta.info\/index\/wp-json\/wp\/v2\/posts\/12833\/revisions"}],"wp:attachment":[{"href":"https:\/\/www.pedroandretta.info\/index\/wp-json\/wp\/v2\/media?parent=12833"}],"wp:term":[{"taxonomy":"category","embeddable":true,"href":"https:\/\/www.pedroandretta.info\/index\/wp-json\/wp\/v2\/categories?post=12833"},{"taxonomy":"post_tag","embeddable":true,"href":"https:\/\/www.pedroandretta.info\/index\/wp-json\/wp\/v2\/tags?post=12833"}],"curies":[{"name":"wp","href":"https:\/\/api.w.org\/{rel}","templated":true}]}}