{"id":12834,"date":"2021-11-19T15:15:00","date_gmt":"2021-11-19T19:15:00","guid":{"rendered":"https:\/\/www.pedroandretta.info\/index\/2021\/11\/19\/manual-de-boas-praticas-para-a-organizacao-de-eventos-artisticos-no-espaco-publi\/"},"modified":"2021-11-19T15:15:00","modified_gmt":"2021-11-19T19:15:00","slug":"manual-de-boas-praticas-para-a-organizacao-de-eventos-artisticos-no-espaco-publi","status":"publish","type":"post","link":"https:\/\/www.pedroandretta.info\/index\/2021\/11\/manual-de-boas-praticas-para-a-organizacao-de-eventos-artisticos-no-espaco-publi\/","title":{"rendered":"Manual de Boas Pr\u00e1ticas para a Organiza\u00e7\u00e3o de Eventos Art\u00edsticos no Espa\u00e7o P\u00fabli&#8230;"},"content":{"rendered":"<p>[ad_1]<br \/>\n<img data-recalc-dims=\"1\" decoding=\"async\" src=\"https:\/\/i0.wp.com\/pbs.twimg.com\/media\/FElEeLAWUAAGZ_k.jpg?w=696&#038;ssl=1\" \/><\/p>\n<p>Manual de Boas Pr\u00e1ticas para a Organiza\u00e7\u00e3o de Eventos Art\u00edsticos no Espa\u00e7o P\u00fablico l Ebook \u00e9 uma iniciativa da B\u00fassola, integrada no projeto Outdoor Arts Portugal.  #LivrosCI #A\u00e7\u00e3oCultural #Pol\u00edticasP\u00fablicas  #BoasPr\u00e1ticas <a href=\"https:\/\/drive.google.com\/file\/d\/1bceEekkvDvXgPU-VfxqANWZ9JA1amEYn\/view\" target=\"_blank\" rel=\"noopener\">drive.google.com\/file\/d\/1bceEek\u2026<\/a> <a href=\"https:\/\/t.co\/0wAf8YpG2J\" target=\"_blank\" rel=\"noopener\">https:\/\/t.co\/0wAf8YpG2J<\/a><br \/>\n[ad_2]<br \/>\n<br \/><a href=\"https:\/\/twitter.com\/pedroisandretta\/statuses\/1461775030791163908\">Fonte<\/a> by <a href=\"https:\/\/t.co\/qdDIov5LTC\">Projeto Informe-CI<\/a><\/p>\n","protected":false},"excerpt":{"rendered":"<p>[ad_1] Manual de Boas Pr\u00e1ticas para a Organiza\u00e7\u00e3o de Eventos Art\u00edsticos no Espa\u00e7o P\u00fablico l Ebook \u00e9 uma iniciativa da B\u00fassola, integrada no projeto Outdoor Arts Portugal. #LivrosCI #A\u00e7\u00e3oCultural #Pol\u00edticasP\u00fablicas #BoasPr\u00e1ticas drive.google.com\/file\/d\/1bceEek\u2026 https:\/\/t.co\/0wAf8YpG2J [ad_2] Fonte by Projeto Informe-CI<\/p>\n","protected":false},"author":1,"featured_media":12835,"comment_status":"open","ping_status":"open","sticky":false,"template":"","format":"standard","meta":{"_jetpack_memberships_contains_paid_content":false,"footnotes":"","jetpack_publicize_message":"","jetpack_publicize_feature_enabled":true,"jetpack_social_post_already_shared":true,"jetpack_social_options":{"image_generator_settings":{"template":"highway","default_image_id":0,"font":"","enabled":false},"version":2}},"categories":[21],"tags":[728,377,1733,449],"class_list":["post-12834","post","type-post","status-publish","format-standard","has-post-thumbnail","hentry","category-informeci","tag-acaocultural","tag-boaspraticas","tag-livrosci","tag-politicaspublicas"],"jetpack_publicize_connections":[],"jetpack_featured_media_url":"https:\/\/i0.wp.com\/www.pedroandretta.info\/index\/wp-content\/uploads\/2021\/11\/FElEeLAWUAAGZ_k.jpg?fit=1024%2C720&ssl=1","views":"","jetpack_sharing_enabled":true,"_links":{"self":[{"href":"https:\/\/www.pedroandretta.info\/index\/wp-json\/wp\/v2\/posts\/12834","targetHints":{"allow":["GET"]}}],"collection":[{"href":"https:\/\/www.pedroandretta.info\/index\/wp-json\/wp\/v2\/posts"}],"about":[{"href":"https:\/\/www.pedroandretta.info\/index\/wp-json\/wp\/v2\/types\/post"}],"author":[{"embeddable":true,"href":"https:\/\/www.pedroandretta.info\/index\/wp-json\/wp\/v2\/users\/1"}],"replies":[{"embeddable":true,"href":"https:\/\/www.pedroandretta.info\/index\/wp-json\/wp\/v2\/comments?post=12834"}],"version-history":[{"count":0,"href":"https:\/\/www.pedroandretta.info\/index\/wp-json\/wp\/v2\/posts\/12834\/revisions"}],"wp:featuredmedia":[{"embeddable":true,"href":"https:\/\/www.pedroandretta.info\/index\/wp-json\/wp\/v2\/media\/12835"}],"wp:attachment":[{"href":"https:\/\/www.pedroandretta.info\/index\/wp-json\/wp\/v2\/media?parent=12834"}],"wp:term":[{"taxonomy":"category","embeddable":true,"href":"https:\/\/www.pedroandretta.info\/index\/wp-json\/wp\/v2\/categories?post=12834"},{"taxonomy":"post_tag","embeddable":true,"href":"https:\/\/www.pedroandretta.info\/index\/wp-json\/wp\/v2\/tags?post=12834"}],"curies":[{"name":"wp","href":"https:\/\/api.w.org\/{rel}","templated":true}]}}