{"id":12921,"date":"2021-11-27T01:15:53","date_gmt":"2021-11-27T05:15:53","guid":{"rendered":"https:\/\/www.pedroandretta.info\/index\/2021\/11\/27\/auxilio-brasil-extingue-o-bolsa-familia-brasil-troca-rede-de-protecao-social-p\/"},"modified":"2021-11-27T01:15:53","modified_gmt":"2021-11-27T05:15:53","slug":"auxilio-brasil-extingue-o-bolsa-familia-brasil-troca-rede-de-protecao-social-p","status":"publish","type":"post","link":"https:\/\/www.pedroandretta.info\/index\/2021\/11\/auxilio-brasil-extingue-o-bolsa-familia-brasil-troca-rede-de-protecao-social-p\/","title":{"rendered":"\u201cAux\u00edlio Brasil extingue o Bolsa Fam\u00edlia. Brasil troca rede de prote\u00e7\u00e3o social p&#8230;"},"content":{"rendered":"<p>[ad_1]<\/p>\n<p>\u201cAux\u00edlio Brasil extingue o Bolsa Fam\u00edlia. Brasil troca rede de prote\u00e7\u00e3o social por cesta de \u2018aux\u00edlios\u2019 e \u2018b\u00f4nus\u2019\u201d. #Entrevista especial com Maria Em\u00edlia Pacheco, assessora da ONG FASE l #Fome #BolsaFam\u00edlia #Aux\u00edlioBrasil  via <a href=\"http:\/\/www.ihu.unisinos.br\/614743-auxilio-brasil-extingue-o-bolsa-familia-brasil-troca-rede-de-protecao-social-por-cesta-de-auxilios-e-bonus-entrevista-especial-com-maria-emilia-pacheco\" target=\"_blank\" rel=\"noopener\">ihu.unisinos.br\/614743-auxilio\u2026<\/a><br \/>\n[ad_2]<br \/>\n<br \/><a href=\"https:\/\/twitter.com\/pedroisandretta\/statuses\/1464462965315411968\">Fonte<\/a> by <a href=\"https:\/\/t.co\/qdDIov5LTC\">Projeto Informe-CI<\/a><\/p>\n","protected":false},"excerpt":{"rendered":"<p>[ad_1] \u201cAux\u00edlio Brasil extingue o Bolsa Fam\u00edlia. Brasil troca rede de prote\u00e7\u00e3o social por cesta de \u2018aux\u00edlios\u2019 e \u2018b\u00f4nus\u2019\u201d. #Entrevista especial com Maria Em\u00edlia Pacheco, assessora da ONG FASE l #Fome #BolsaFam\u00edlia #Aux\u00edlioBrasil via ihu.unisinos.br\/614743-auxilio\u2026 [ad_2] Fonte by Projeto Informe-CI<\/p>\n","protected":false},"author":1,"featured_media":0,"comment_status":"open","ping_status":"open","sticky":false,"template":"","format":"standard","meta":{"_jetpack_memberships_contains_paid_content":false,"footnotes":"","jetpack_publicize_message":"","jetpack_publicize_feature_enabled":true,"jetpack_social_post_already_shared":true,"jetpack_social_options":{"image_generator_settings":{"template":"highway","default_image_id":0,"font":"","enabled":false},"version":2}},"categories":[21],"tags":[2760,2759,601,2366],"class_list":["post-12921","post","type-post","status-publish","format-standard","hentry","category-informeci","tag-auxiliobrasil","tag-bolsafamilia","tag-entrevista","tag-fome"],"jetpack_publicize_connections":[],"jetpack_featured_media_url":"","views":"","jetpack_sharing_enabled":true,"_links":{"self":[{"href":"https:\/\/www.pedroandretta.info\/index\/wp-json\/wp\/v2\/posts\/12921","targetHints":{"allow":["GET"]}}],"collection":[{"href":"https:\/\/www.pedroandretta.info\/index\/wp-json\/wp\/v2\/posts"}],"about":[{"href":"https:\/\/www.pedroandretta.info\/index\/wp-json\/wp\/v2\/types\/post"}],"author":[{"embeddable":true,"href":"https:\/\/www.pedroandretta.info\/index\/wp-json\/wp\/v2\/users\/1"}],"replies":[{"embeddable":true,"href":"https:\/\/www.pedroandretta.info\/index\/wp-json\/wp\/v2\/comments?post=12921"}],"version-history":[{"count":0,"href":"https:\/\/www.pedroandretta.info\/index\/wp-json\/wp\/v2\/posts\/12921\/revisions"}],"wp:attachment":[{"href":"https:\/\/www.pedroandretta.info\/index\/wp-json\/wp\/v2\/media?parent=12921"}],"wp:term":[{"taxonomy":"category","embeddable":true,"href":"https:\/\/www.pedroandretta.info\/index\/wp-json\/wp\/v2\/categories?post=12921"},{"taxonomy":"post_tag","embeddable":true,"href":"https:\/\/www.pedroandretta.info\/index\/wp-json\/wp\/v2\/tags?post=12921"}],"curies":[{"name":"wp","href":"https:\/\/api.w.org\/{rel}","templated":true}]}}