{"id":12940,"date":"2021-11-27T19:23:00","date_gmt":"2021-11-27T23:23:00","guid":{"rendered":"https:\/\/www.pedroandretta.info\/index\/2021\/11\/27\/anais-da-5a-conferencia-sobre-bibliotecas-de-museus-bibliotecas-de-museus-um-e\/"},"modified":"2021-11-27T19:23:00","modified_gmt":"2021-11-27T23:23:00","slug":"anais-da-5a-conferencia-sobre-bibliotecas-de-museus-bibliotecas-de-museus-um-e","status":"publish","type":"post","link":"https:\/\/www.pedroandretta.info\/index\/2021\/11\/anais-da-5a-conferencia-sobre-bibliotecas-de-museus-bibliotecas-de-museus-um-e\/","title":{"rendered":"Anais da 5\u00aa Confer\u00eancia sobre Bibliotecas de Museus: bibliotecas de museus, um e&#8230;"},"content":{"rendered":"<p>[ad_1]<br \/>\n<img data-recalc-dims=\"1\" decoding=\"async\" src=\"https:\/\/i0.wp.com\/pbs.twimg.com\/media\/FFOsotGXoAYqxi5.jpg?w=696&#038;ssl=1\" \/><\/p>\n<p>Anais da 5\u00aa Confer\u00eancia sobre Bibliotecas de Museus: bibliotecas de museus, um espa\u00e7o comum (2021)  l Da Red de Bibliotecas de Museos (BIMUS). #BibliotecasDeMuseus #Cole\u00e7\u00f5es #Cole\u00e7\u00f5esEspeciais #Museus  <a href=\"https:\/\/www.libreria.culturaydeporte.gob.es\/libro\/quintas-jornadas-sobre-bibliotecas-de-museos-bibliotecas-de-museos-un-espacio-comun_5374\/\" target=\"_blank\" rel=\"noopener\">libreria.culturaydeporte.gob.es\/libro\/quintas-\u2026<\/a> <a href=\"https:\/\/t.co\/v8RCuuwHUM\" target=\"_blank\" rel=\"noopener\">https:\/\/t.co\/v8RCuuwHUM<\/a><br \/>\n[ad_2]<br \/>\n<br \/><a href=\"https:\/\/twitter.com\/pedroisandretta\/statuses\/1464736543969476615\">Fonte<\/a> by <a href=\"https:\/\/t.co\/qdDIov5LTC\">Projeto Informe-CI<\/a><\/p>\n","protected":false},"excerpt":{"rendered":"<p>[ad_1] Anais da 5\u00aa Confer\u00eancia sobre Bibliotecas de Museus: bibliotecas de museus, um espa\u00e7o comum (2021) l Da Red de Bibliotecas de Museos (BIMUS). #BibliotecasDeMuseus #Cole\u00e7\u00f5es #Cole\u00e7\u00f5esEspeciais #Museus libreria.culturaydeporte.gob.es\/libro\/quintas-\u2026 https:\/\/t.co\/v8RCuuwHUM [ad_2] Fonte by Projeto Informe-CI<\/p>\n","protected":false},"author":1,"featured_media":12941,"comment_status":"open","ping_status":"open","sticky":false,"template":"","format":"standard","meta":{"_jetpack_memberships_contains_paid_content":false,"footnotes":"","jetpack_publicize_message":"","jetpack_publicize_feature_enabled":true,"jetpack_social_post_already_shared":true,"jetpack_social_options":{"image_generator_settings":{"template":"highway","default_image_id":0,"font":"","enabled":false},"version":2}},"categories":[21],"tags":[2816,126,1151,34],"class_list":["post-12940","post","type-post","status-publish","format-standard","has-post-thumbnail","hentry","category-informeci","tag-bibliotecasdemuseus","tag-colecoes","tag-colecoesespeciais","tag-museus"],"jetpack_publicize_connections":[],"jetpack_featured_media_url":"https:\/\/i0.wp.com\/www.pedroandretta.info\/index\/wp-content\/uploads\/2021\/11\/FFOsotGXoAYqxi5.jpg?fit=526%2C761&ssl=1","views":"","jetpack_sharing_enabled":true,"_links":{"self":[{"href":"https:\/\/www.pedroandretta.info\/index\/wp-json\/wp\/v2\/posts\/12940","targetHints":{"allow":["GET"]}}],"collection":[{"href":"https:\/\/www.pedroandretta.info\/index\/wp-json\/wp\/v2\/posts"}],"about":[{"href":"https:\/\/www.pedroandretta.info\/index\/wp-json\/wp\/v2\/types\/post"}],"author":[{"embeddable":true,"href":"https:\/\/www.pedroandretta.info\/index\/wp-json\/wp\/v2\/users\/1"}],"replies":[{"embeddable":true,"href":"https:\/\/www.pedroandretta.info\/index\/wp-json\/wp\/v2\/comments?post=12940"}],"version-history":[{"count":0,"href":"https:\/\/www.pedroandretta.info\/index\/wp-json\/wp\/v2\/posts\/12940\/revisions"}],"wp:featuredmedia":[{"embeddable":true,"href":"https:\/\/www.pedroandretta.info\/index\/wp-json\/wp\/v2\/media\/12941"}],"wp:attachment":[{"href":"https:\/\/www.pedroandretta.info\/index\/wp-json\/wp\/v2\/media?parent=12940"}],"wp:term":[{"taxonomy":"category","embeddable":true,"href":"https:\/\/www.pedroandretta.info\/index\/wp-json\/wp\/v2\/categories?post=12940"},{"taxonomy":"post_tag","embeddable":true,"href":"https:\/\/www.pedroandretta.info\/index\/wp-json\/wp\/v2\/tags?post=12940"}],"curies":[{"name":"wp","href":"https:\/\/api.w.org\/{rel}","templated":true}]}}