{"id":12983,"date":"2021-11-30T16:46:36","date_gmt":"2021-11-30T20:46:36","guid":{"rendered":"https:\/\/www.pedroandretta.info\/index\/2021\/11\/30\/qualidade-da-educacao-nao-avanca-na-america-latina-segundo-a-unesco-l-a-educa\/"},"modified":"2021-11-30T16:46:36","modified_gmt":"2021-11-30T20:46:36","slug":"qualidade-da-educacao-nao-avanca-na-america-latina-segundo-a-unesco-l-a-educa","status":"publish","type":"post","link":"https:\/\/www.pedroandretta.info\/index\/2021\/11\/qualidade-da-educacao-nao-avanca-na-america-latina-segundo-a-unesco-l-a-educa\/","title":{"rendered":"Qualidade da educa\u00e7\u00e3o n\u00e3o avan\u00e7a na Am\u00e9rica Latina, segundo a Unesco \nl \u201cA educa&#8230;"},"content":{"rendered":"<p>[ad_1]<\/p>\n<p>Qualidade da educa\u00e7\u00e3o n\u00e3o avan\u00e7a na Am\u00e9rica Latina, segundo a Unesco<br \/>\nl \u201cA educa\u00e7\u00e3o na #Am\u00e9ricaLatina n\u00e3o registra progresso not\u00e1vel desde 2013.\u201d Ver relat\u00f3rio: \u201cEstudo Regional Comparativo e Explicativo (ERCE 2019)\u201d #EnsinoB\u00e1sico #UNESCO via EL PA\u00cdS <a href=\"https:\/\/brasil.elpais.com\/sociedade\/2021-11-30\/qualidade-da-educacao-nao-avanca-na-america-latina-segundo-a-unesco.html\" target=\"_blank\" rel=\"noopener\">brasil.elpais.com\/sociedade\/2021\u2026<\/a><br \/>\n[ad_2]<br \/>\n<br \/><a href=\"https:\/\/twitter.com\/pedroisandretta\/statuses\/1465784347282362368\">Fonte<\/a> by <a href=\"https:\/\/t.co\/qdDIov5LTC\">Projeto Informe-CI<\/a><\/p>\n","protected":false},"excerpt":{"rendered":"<p>[ad_1] Qualidade da educa\u00e7\u00e3o n\u00e3o avan\u00e7a na Am\u00e9rica Latina, segundo a Unesco l \u201cA educa\u00e7\u00e3o na #Am\u00e9ricaLatina n\u00e3o registra progresso not\u00e1vel desde 2013.\u201d Ver relat\u00f3rio: \u201cEstudo Regional Comparativo e Explicativo (ERCE 2019)\u201d #EnsinoB\u00e1sico #UNESCO via EL PA\u00cdS brasil.elpais.com\/sociedade\/2021\u2026 [ad_2] Fonte by Projeto Informe-CI<\/p>\n","protected":false},"author":1,"featured_media":0,"comment_status":"open","ping_status":"open","sticky":false,"template":"","format":"standard","meta":{"_jetpack_memberships_contains_paid_content":false,"footnotes":"","jetpack_publicize_message":"","jetpack_publicize_feature_enabled":true,"jetpack_social_post_already_shared":true,"jetpack_social_options":{"image_generator_settings":{"template":"highway","default_image_id":0,"font":"","enabled":false},"version":2}},"categories":[21],"tags":[882,1952,538],"class_list":["post-12983","post","type-post","status-publish","format-standard","hentry","category-informeci","tag-americalatina","tag-educacaobasica","tag-unesco"],"jetpack_publicize_connections":[],"jetpack_featured_media_url":"","views":"","jetpack_sharing_enabled":true,"_links":{"self":[{"href":"https:\/\/www.pedroandretta.info\/index\/wp-json\/wp\/v2\/posts\/12983","targetHints":{"allow":["GET"]}}],"collection":[{"href":"https:\/\/www.pedroandretta.info\/index\/wp-json\/wp\/v2\/posts"}],"about":[{"href":"https:\/\/www.pedroandretta.info\/index\/wp-json\/wp\/v2\/types\/post"}],"author":[{"embeddable":true,"href":"https:\/\/www.pedroandretta.info\/index\/wp-json\/wp\/v2\/users\/1"}],"replies":[{"embeddable":true,"href":"https:\/\/www.pedroandretta.info\/index\/wp-json\/wp\/v2\/comments?post=12983"}],"version-history":[{"count":0,"href":"https:\/\/www.pedroandretta.info\/index\/wp-json\/wp\/v2\/posts\/12983\/revisions"}],"wp:attachment":[{"href":"https:\/\/www.pedroandretta.info\/index\/wp-json\/wp\/v2\/media?parent=12983"}],"wp:term":[{"taxonomy":"category","embeddable":true,"href":"https:\/\/www.pedroandretta.info\/index\/wp-json\/wp\/v2\/categories?post=12983"},{"taxonomy":"post_tag","embeddable":true,"href":"https:\/\/www.pedroandretta.info\/index\/wp-json\/wp\/v2\/tags?post=12983"}],"curies":[{"name":"wp","href":"https:\/\/api.w.org\/{rel}","templated":true}]}}