{"id":13011,"date":"2021-12-03T15:38:00","date_gmt":"2021-12-03T19:38:00","guid":{"rendered":"https:\/\/www.pedroandretta.info\/index\/2021\/12\/03\/3-numeros-que-mostram-o-impressionante-aumento-da-fome-na-america-latina-l\/"},"modified":"2021-12-03T15:38:00","modified_gmt":"2021-12-03T19:38:00","slug":"3-numeros-que-mostram-o-impressionante-aumento-da-fome-na-america-latina-l","status":"publish","type":"post","link":"https:\/\/www.pedroandretta.info\/index\/2021\/12\/3-numeros-que-mostram-o-impressionante-aumento-da-fome-na-america-latina-l\/","title":{"rendered":"3 n\u00fameros que mostram o impressionante aumento da fome na Am\u00e9rica Latina l &#8220;[&#8230;&#8230;"},"content":{"rendered":"<p>[ad_1]<\/p>\n<p>3 n\u00fameros que mostram o impressionante aumento da fome na Am\u00e9rica Latina l &#8220;[&#8230;] 9,1% da popula\u00e7\u00e3o da Am\u00e9rica Latina e do Caribe &#8211; \u00e9 a maior preval\u00eancia da fome dos \u00faltimos 15 anos [&#8230;]&#8221; #Fome #Am\u00e9ricaLatina via BBC <a href=\"https:\/\/www.bbc.com\/portuguese\/internacional-59497952\" target=\"_blank\" rel=\"noopener\">bbc.com\/portuguese\/int\u2026<\/a><br \/>\n[ad_2]<br \/>\n<br \/><a href=\"https:\/\/twitter.com\/pedroisandretta\/statuses\/1466854247987875842\">Fonte<\/a> by <a href=\"https:\/\/t.co\/qdDIov5LTC\">Projeto Informe-CI<\/a><\/p>\n","protected":false},"excerpt":{"rendered":"<p>[ad_1] 3 n\u00fameros que mostram o impressionante aumento da fome na Am\u00e9rica Latina l &#8220;[&#8230;] 9,1% da popula\u00e7\u00e3o da Am\u00e9rica Latina e do Caribe &#8211; \u00e9 a maior preval\u00eancia da fome dos \u00faltimos 15 anos [&#8230;]&#8221; #Fome #Am\u00e9ricaLatina via BBC bbc.com\/portuguese\/int\u2026 [ad_2] Fonte by Projeto Informe-CI<\/p>\n","protected":false},"author":1,"featured_media":0,"comment_status":"open","ping_status":"open","sticky":false,"template":"","format":"standard","meta":{"_jetpack_memberships_contains_paid_content":false,"footnotes":"","jetpack_publicize_message":"","jetpack_publicize_feature_enabled":true,"jetpack_social_post_already_shared":true,"jetpack_social_options":{"image_generator_settings":{"template":"highway","default_image_id":0,"font":"","enabled":false},"version":2}},"categories":[21],"tags":[882,2366],"class_list":["post-13011","post","type-post","status-publish","format-standard","hentry","category-informeci","tag-americalatina","tag-fome"],"jetpack_publicize_connections":[],"jetpack_featured_media_url":"","views":"","jetpack_sharing_enabled":true,"_links":{"self":[{"href":"https:\/\/www.pedroandretta.info\/index\/wp-json\/wp\/v2\/posts\/13011","targetHints":{"allow":["GET"]}}],"collection":[{"href":"https:\/\/www.pedroandretta.info\/index\/wp-json\/wp\/v2\/posts"}],"about":[{"href":"https:\/\/www.pedroandretta.info\/index\/wp-json\/wp\/v2\/types\/post"}],"author":[{"embeddable":true,"href":"https:\/\/www.pedroandretta.info\/index\/wp-json\/wp\/v2\/users\/1"}],"replies":[{"embeddable":true,"href":"https:\/\/www.pedroandretta.info\/index\/wp-json\/wp\/v2\/comments?post=13011"}],"version-history":[{"count":0,"href":"https:\/\/www.pedroandretta.info\/index\/wp-json\/wp\/v2\/posts\/13011\/revisions"}],"wp:attachment":[{"href":"https:\/\/www.pedroandretta.info\/index\/wp-json\/wp\/v2\/media?parent=13011"}],"wp:term":[{"taxonomy":"category","embeddable":true,"href":"https:\/\/www.pedroandretta.info\/index\/wp-json\/wp\/v2\/categories?post=13011"},{"taxonomy":"post_tag","embeddable":true,"href":"https:\/\/www.pedroandretta.info\/index\/wp-json\/wp\/v2\/tags?post=13011"}],"curies":[{"name":"wp","href":"https:\/\/api.w.org\/{rel}","templated":true}]}}