{"id":13057,"date":"2021-12-07T01:58:24","date_gmt":"2021-12-07T05:58:24","guid":{"rendered":"https:\/\/www.pedroandretta.info\/index\/2021\/12\/07\/comissao-da-camara-dos-deputados-debate-acesso-de-pessoas-com-deficiencia-as-bib\/"},"modified":"2021-12-07T01:58:24","modified_gmt":"2021-12-07T05:58:24","slug":"comissao-da-camara-dos-deputados-debate-acesso-de-pessoas-com-deficiencia-as-bib","status":"publish","type":"post","link":"https:\/\/www.pedroandretta.info\/index\/2021\/12\/comissao-da-camara-dos-deputados-debate-acesso-de-pessoas-com-deficiencia-as-bib\/","title":{"rendered":"Comiss\u00e3o da C\u00e2mara dos Deputados debate acesso de pessoas com defici\u00eancia \u00e0s bib&#8230;"},"content":{"rendered":"<p>[ad_1]<\/p>\n<p>Comiss\u00e3o da C\u00e2mara dos Deputados debate acesso de pessoas com defici\u00eancia \u00e0s bibliotecas l \u201cA audi\u00eancia ser\u00e1 realizada (hoje) \u00e0s 14 horas, no plen\u00e1rio 12, e poder\u00e1 ser acompanhada de forma interativa pelo e-Democracia.\u201d #Bibliotecas #PcD via Biblioo <a href=\"https:\/\/biblioo.info\/comissao-debate-acesso-de-pessoas-com-deficiencia-as-bibliotecas\/\" target=\"_blank\" rel=\"noopener\">biblioo.info\/comissao-debat\u2026<\/a><br \/>\n[ad_2]<br \/>\n<br \/><a href=\"https:\/\/twitter.com\/pedroisandretta\/statuses\/1468097542651060226\">Fonte<\/a> by <a href=\"https:\/\/t.co\/qdDIov5LTC\">Projeto Informe-CI<\/a><\/p>\n","protected":false},"excerpt":{"rendered":"<p>[ad_1] Comiss\u00e3o da C\u00e2mara dos Deputados debate acesso de pessoas com defici\u00eancia \u00e0s bibliotecas l \u201cA audi\u00eancia ser\u00e1 realizada (hoje) \u00e0s 14 horas, no plen\u00e1rio 12, e poder\u00e1 ser acompanhada de forma interativa pelo e-Democracia.\u201d #Bibliotecas #PcD via Biblioo biblioo.info\/comissao-debat\u2026 [ad_2] Fonte by Projeto Informe-CI<\/p>\n","protected":false},"author":1,"featured_media":0,"comment_status":"open","ping_status":"open","sticky":false,"template":"","format":"standard","meta":{"_jetpack_memberships_contains_paid_content":false,"footnotes":"","jetpack_publicize_message":"","jetpack_publicize_feature_enabled":true,"jetpack_social_post_already_shared":true,"jetpack_social_options":{"image_generator_settings":{"template":"highway","default_image_id":0,"font":"","enabled":false},"version":2}},"categories":[21],"tags":[38,102],"class_list":["post-13057","post","type-post","status-publish","format-standard","hentry","category-informeci","tag-bibliotecas","tag-pessoascomdeficiencia"],"jetpack_publicize_connections":[],"jetpack_featured_media_url":"","views":"","jetpack_sharing_enabled":true,"_links":{"self":[{"href":"https:\/\/www.pedroandretta.info\/index\/wp-json\/wp\/v2\/posts\/13057","targetHints":{"allow":["GET"]}}],"collection":[{"href":"https:\/\/www.pedroandretta.info\/index\/wp-json\/wp\/v2\/posts"}],"about":[{"href":"https:\/\/www.pedroandretta.info\/index\/wp-json\/wp\/v2\/types\/post"}],"author":[{"embeddable":true,"href":"https:\/\/www.pedroandretta.info\/index\/wp-json\/wp\/v2\/users\/1"}],"replies":[{"embeddable":true,"href":"https:\/\/www.pedroandretta.info\/index\/wp-json\/wp\/v2\/comments?post=13057"}],"version-history":[{"count":0,"href":"https:\/\/www.pedroandretta.info\/index\/wp-json\/wp\/v2\/posts\/13057\/revisions"}],"wp:attachment":[{"href":"https:\/\/www.pedroandretta.info\/index\/wp-json\/wp\/v2\/media?parent=13057"}],"wp:term":[{"taxonomy":"category","embeddable":true,"href":"https:\/\/www.pedroandretta.info\/index\/wp-json\/wp\/v2\/categories?post=13057"},{"taxonomy":"post_tag","embeddable":true,"href":"https:\/\/www.pedroandretta.info\/index\/wp-json\/wp\/v2\/tags?post=13057"}],"curies":[{"name":"wp","href":"https:\/\/api.w.org\/{rel}","templated":true}]}}