{"id":13066,"date":"2021-12-07T15:41:42","date_gmt":"2021-12-07T19:41:42","guid":{"rendered":"https:\/\/www.pedroandretta.info\/index\/2021\/12\/07\/4-dados-que-mostram-por-que-brasil-e-um-dos-paises-mais-desiguais-do-mundo-segu\/"},"modified":"2021-12-07T15:41:42","modified_gmt":"2021-12-07T19:41:42","slug":"4-dados-que-mostram-por-que-brasil-e-um-dos-paises-mais-desiguais-do-mundo-segu","status":"publish","type":"post","link":"https:\/\/www.pedroandretta.info\/index\/2021\/12\/4-dados-que-mostram-por-que-brasil-e-um-dos-paises-mais-desiguais-do-mundo-segu\/","title":{"rendered":"4 dados que mostram por que Brasil \u00e9 um dos pa\u00edses mais desiguais do mundo, segu&#8230;"},"content":{"rendered":"<p>[ad_1]<\/p>\n<p>4 dados que mostram por que Brasil \u00e9 um dos pa\u00edses mais desiguais do mundo, segundo relat\u00f3rio l Ver tamb\u00e9m o relat\u00f3rio do  World Inequality Lab, &#8220;World Inequality Report 2022&#8221;. #Desigualdade via BBC <a href=\"https:\/\/www.bbc.com\/portuguese\/brasil-59557761\" target=\"_blank\" rel=\"noopener\">bbc.com\/portuguese\/bra\u2026<\/a><br \/>\n[ad_2]<br \/>\n<br \/><a href=\"https:\/\/twitter.com\/pedroisandretta\/statuses\/1468304733735636995\">Fonte<\/a> by <a href=\"https:\/\/t.co\/qdDIov5LTC\">Projeto Informe-CI<\/a><\/p>\n","protected":false},"excerpt":{"rendered":"<p>[ad_1] 4 dados que mostram por que Brasil \u00e9 um dos pa\u00edses mais desiguais do mundo, segundo relat\u00f3rio l Ver tamb\u00e9m o relat\u00f3rio do World Inequality Lab, &#8220;World Inequality Report 2022&#8221;. #Desigualdade via BBC bbc.com\/portuguese\/bra\u2026 [ad_2] Fonte by Projeto Informe-CI<\/p>\n","protected":false},"author":1,"featured_media":0,"comment_status":"open","ping_status":"open","sticky":false,"template":"","format":"standard","meta":{"_jetpack_memberships_contains_paid_content":false,"footnotes":"","jetpack_publicize_message":"","jetpack_publicize_feature_enabled":true,"jetpack_social_post_already_shared":true,"jetpack_social_options":{"image_generator_settings":{"template":"highway","default_image_id":0,"font":"","enabled":false},"version":2}},"categories":[21],"tags":[349],"class_list":["post-13066","post","type-post","status-publish","format-standard","hentry","category-informeci","tag-desigualdade"],"jetpack_publicize_connections":[],"jetpack_featured_media_url":"","views":"","jetpack_sharing_enabled":true,"_links":{"self":[{"href":"https:\/\/www.pedroandretta.info\/index\/wp-json\/wp\/v2\/posts\/13066","targetHints":{"allow":["GET"]}}],"collection":[{"href":"https:\/\/www.pedroandretta.info\/index\/wp-json\/wp\/v2\/posts"}],"about":[{"href":"https:\/\/www.pedroandretta.info\/index\/wp-json\/wp\/v2\/types\/post"}],"author":[{"embeddable":true,"href":"https:\/\/www.pedroandretta.info\/index\/wp-json\/wp\/v2\/users\/1"}],"replies":[{"embeddable":true,"href":"https:\/\/www.pedroandretta.info\/index\/wp-json\/wp\/v2\/comments?post=13066"}],"version-history":[{"count":0,"href":"https:\/\/www.pedroandretta.info\/index\/wp-json\/wp\/v2\/posts\/13066\/revisions"}],"wp:attachment":[{"href":"https:\/\/www.pedroandretta.info\/index\/wp-json\/wp\/v2\/media?parent=13066"}],"wp:term":[{"taxonomy":"category","embeddable":true,"href":"https:\/\/www.pedroandretta.info\/index\/wp-json\/wp\/v2\/categories?post=13066"},{"taxonomy":"post_tag","embeddable":true,"href":"https:\/\/www.pedroandretta.info\/index\/wp-json\/wp\/v2\/tags?post=13066"}],"curies":[{"name":"wp","href":"https:\/\/api.w.org\/{rel}","templated":true}]}}