{"id":13219,"date":"2021-12-19T15:43:00","date_gmt":"2021-12-19T19:43:00","guid":{"rendered":"https:\/\/www.pedroandretta.info\/index\/2021\/12\/19\/capes-prorroga-mandatos-das-coordenacoes-de-area-divulga-novo-calendario-da-ava\/"},"modified":"2021-12-19T15:43:00","modified_gmt":"2021-12-19T19:43:00","slug":"capes-prorroga-mandatos-das-coordenacoes-de-area-divulga-novo-calendario-da-ava","status":"publish","type":"post","link":"https:\/\/www.pedroandretta.info\/index\/2021\/12\/capes-prorroga-mandatos-das-coordenacoes-de-area-divulga-novo-calendario-da-ava\/","title":{"rendered":"Capes prorroga mandatos das coordena\u00e7\u00f5es de \u00e1rea, divulga novo calend\u00e1rio da Ava&#8230;"},"content":{"rendered":"<p>[ad_1]<\/p>\n<p>Capes prorroga mandatos das coordena\u00e7\u00f5es de \u00e1rea, divulga novo calend\u00e1rio da Avalia\u00e7\u00e3o Quadrienal e revoga portaria sobre Qualis Peri\u00f3dicos l Ver mais nas Portaria n\u00ba 212 e 213, de 15 de dezembro de 2021, #QualisPeri\u00f3dicos #CAPES via Jornal da Ci\u00eancia <a href=\"http:\/\/www.jornaldaciencia.org.br\/capes-prorroga-mandatos-das-coordenacoes-de-area-divulga-novo-calendario-da-avaliacao-quadrienal-e-revoga-portaria-sobre-qualis-periodicos\/\" target=\"_blank\" rel=\"noopener\">jornaldaciencia.org.br\/capes-prorroga\u2026<\/a><br \/>\n[ad_2]<br \/>\n<br \/>Curadoria: <a href=\"https:\/\/t.co\/qdDIov5LTC\">Projeto Informe-CI<\/a><\/p>\n","protected":false},"excerpt":{"rendered":"<p>[ad_1] Capes prorroga mandatos das coordena\u00e7\u00f5es de \u00e1rea, divulga novo calend\u00e1rio da Avalia\u00e7\u00e3o Quadrienal e revoga portaria sobre Qualis Peri\u00f3dicos l Ver mais nas Portaria n\u00ba 212 e 213, de 15 de dezembro de 2021, #QualisPeri\u00f3dicos #CAPES via Jornal da Ci\u00eancia jornaldaciencia.org.br\/capes-prorroga\u2026 [ad_2] Curadoria: Projeto Informe-CI<\/p>\n","protected":false},"author":1,"featured_media":0,"comment_status":"open","ping_status":"open","sticky":false,"template":"","format":"standard","meta":{"_jetpack_memberships_contains_paid_content":false,"footnotes":"","jetpack_publicize_message":"","jetpack_publicize_feature_enabled":true,"jetpack_social_post_already_shared":true,"jetpack_social_options":{"image_generator_settings":{"template":"highway","default_image_id":0,"font":"","enabled":false},"version":2}},"categories":[21],"tags":[105,1090],"class_list":["post-13219","post","type-post","status-publish","format-standard","hentry","category-informeci","tag-capes","tag-qualiscapes"],"jetpack_publicize_connections":[],"jetpack_featured_media_url":"","views":"","jetpack_sharing_enabled":true,"_links":{"self":[{"href":"https:\/\/www.pedroandretta.info\/index\/wp-json\/wp\/v2\/posts\/13219","targetHints":{"allow":["GET"]}}],"collection":[{"href":"https:\/\/www.pedroandretta.info\/index\/wp-json\/wp\/v2\/posts"}],"about":[{"href":"https:\/\/www.pedroandretta.info\/index\/wp-json\/wp\/v2\/types\/post"}],"author":[{"embeddable":true,"href":"https:\/\/www.pedroandretta.info\/index\/wp-json\/wp\/v2\/users\/1"}],"replies":[{"embeddable":true,"href":"https:\/\/www.pedroandretta.info\/index\/wp-json\/wp\/v2\/comments?post=13219"}],"version-history":[{"count":0,"href":"https:\/\/www.pedroandretta.info\/index\/wp-json\/wp\/v2\/posts\/13219\/revisions"}],"wp:attachment":[{"href":"https:\/\/www.pedroandretta.info\/index\/wp-json\/wp\/v2\/media?parent=13219"}],"wp:term":[{"taxonomy":"category","embeddable":true,"href":"https:\/\/www.pedroandretta.info\/index\/wp-json\/wp\/v2\/categories?post=13219"},{"taxonomy":"post_tag","embeddable":true,"href":"https:\/\/www.pedroandretta.info\/index\/wp-json\/wp\/v2\/tags?post=13219"}],"curies":[{"name":"wp","href":"https:\/\/api.w.org\/{rel}","templated":true}]}}