{"id":13240,"date":"2021-12-21T15:20:00","date_gmt":"2021-12-21T19:20:00","guid":{"rendered":"https:\/\/www.pedroandretta.info\/index\/2021\/12\/21\/a-pratica-do-ensino-das-culturas-indigenas-na-educacao-infantil-e-no-ensino-fund\/"},"modified":"2021-12-21T15:20:00","modified_gmt":"2021-12-21T19:20:00","slug":"a-pratica-do-ensino-das-culturas-indigenas-na-educacao-infantil-e-no-ensino-fund","status":"publish","type":"post","link":"https:\/\/www.pedroandretta.info\/index\/2021\/12\/a-pratica-do-ensino-das-culturas-indigenas-na-educacao-infantil-e-no-ensino-fund\/","title":{"rendered":"A pr\u00e1tica do Ensino das culturas ind\u00edgenas na educa\u00e7\u00e3o infantil e no ensino fund&#8230;"},"content":{"rendered":"<p>[ad_1]<\/p>\n<p>A pr\u00e1tica do Ensino das culturas ind\u00edgenas na educa\u00e7\u00e3o infantil e no ensino fundamental l Biblioo conversou com Lucia Morais Tucuju, mediadora de leitura e membro da Academia Internacional de Letras do Brasil.  #CulturaInd\u00edgena #Lei11645 via Biblioo <a href=\"https:\/\/biblioo.info\/a-pratica-do-ensino-das-culturas-indigenas-na-educacao-infantil-e-no-ensino-fundamental\/\" target=\"_blank\" rel=\"noopener\">biblioo.info\/a-pratica-do-e\u2026<\/a><br \/>\n[ad_2]<br \/>\n<br \/>Curadoria: <a href=\"https:\/\/t.co\/qdDIov5LTC\">Projeto Informe-CI<\/a><\/p>\n","protected":false},"excerpt":{"rendered":"<p>[ad_1] A pr\u00e1tica do Ensino das culturas ind\u00edgenas na educa\u00e7\u00e3o infantil e no ensino fundamental l Biblioo conversou com Lucia Morais Tucuju, mediadora de leitura e membro da Academia Internacional de Letras do Brasil. #CulturaInd\u00edgena #Lei11645 via Biblioo biblioo.info\/a-pratica-do-e\u2026 [ad_2] Curadoria: Projeto Informe-CI<\/p>\n","protected":false},"author":1,"featured_media":0,"comment_status":"open","ping_status":"open","sticky":false,"template":"","format":"standard","meta":{"_jetpack_memberships_contains_paid_content":false,"footnotes":"","jetpack_publicize_message":"","jetpack_publicize_feature_enabled":true,"jetpack_social_post_already_shared":true,"jetpack_social_options":{"image_generator_settings":{"template":"highway","default_image_id":0,"font":"","enabled":false},"version":2}},"categories":[21],"tags":[2674,1501],"class_list":["post-13240","post","type-post","status-publish","format-standard","hentry","category-informeci","tag-culturaindigena","tag-lei11645"],"jetpack_publicize_connections":[],"jetpack_featured_media_url":"","views":"","jetpack_sharing_enabled":true,"_links":{"self":[{"href":"https:\/\/www.pedroandretta.info\/index\/wp-json\/wp\/v2\/posts\/13240","targetHints":{"allow":["GET"]}}],"collection":[{"href":"https:\/\/www.pedroandretta.info\/index\/wp-json\/wp\/v2\/posts"}],"about":[{"href":"https:\/\/www.pedroandretta.info\/index\/wp-json\/wp\/v2\/types\/post"}],"author":[{"embeddable":true,"href":"https:\/\/www.pedroandretta.info\/index\/wp-json\/wp\/v2\/users\/1"}],"replies":[{"embeddable":true,"href":"https:\/\/www.pedroandretta.info\/index\/wp-json\/wp\/v2\/comments?post=13240"}],"version-history":[{"count":0,"href":"https:\/\/www.pedroandretta.info\/index\/wp-json\/wp\/v2\/posts\/13240\/revisions"}],"wp:attachment":[{"href":"https:\/\/www.pedroandretta.info\/index\/wp-json\/wp\/v2\/media?parent=13240"}],"wp:term":[{"taxonomy":"category","embeddable":true,"href":"https:\/\/www.pedroandretta.info\/index\/wp-json\/wp\/v2\/categories?post=13240"},{"taxonomy":"post_tag","embeddable":true,"href":"https:\/\/www.pedroandretta.info\/index\/wp-json\/wp\/v2\/tags?post=13240"}],"curies":[{"name":"wp","href":"https:\/\/api.w.org\/{rel}","templated":true}]}}