{"id":13253,"date":"2021-12-22T15:51:00","date_gmt":"2021-12-22T19:51:00","guid":{"rendered":"https:\/\/www.pedroandretta.info\/index\/2021\/12\/22\/o-que-a-eleicao-no-chile-significa-para-a-esquerda-da-america-latina-l-o-que-ac\/"},"modified":"2021-12-22T15:51:00","modified_gmt":"2021-12-22T19:51:00","slug":"o-que-a-eleicao-no-chile-significa-para-a-esquerda-da-america-latina-l-o-que-ac","status":"publish","type":"post","link":"https:\/\/www.pedroandretta.info\/index\/2021\/12\/o-que-a-eleicao-no-chile-significa-para-a-esquerda-da-america-latina-l-o-que-ac\/","title":{"rendered":"O que a elei\u00e7\u00e3o no Chile significa para a esquerda da Am\u00e9rica Latina l &#8220;O que ac&#8230;"},"content":{"rendered":"<p>[ad_1]<\/p>\n<p>O que a elei\u00e7\u00e3o no Chile significa para a esquerda da Am\u00e9rica Latina l &#8220;O que acontece nos vizinhos acaba influenciando o jogo pol\u00edtico aqui no Brasil.&#8221; diz  Dawisson Bel\u00e9m Lopes, professor da UFMG  #Elei\u00e7\u00f5es #Chile #Am\u00e9ricaLatina #Pol\u00edtica via BBC <a href=\"https:\/\/www.bbc.com\/portuguese\/internacional-59736445\" target=\"_blank\" rel=\"noopener\">bbc.com\/portuguese\/int\u2026<\/a><br \/>\n[ad_2]<br \/>\n<br \/>Curadoria: <a href=\"https:\/\/t.co\/qdDIov5LTC\">Projeto Informe-CI<\/a><\/p>\n","protected":false},"excerpt":{"rendered":"<p>[ad_1] O que a elei\u00e7\u00e3o no Chile significa para a esquerda da Am\u00e9rica Latina l &#8220;O que acontece nos vizinhos acaba influenciando o jogo pol\u00edtico aqui no Brasil.&#8221; diz Dawisson Bel\u00e9m Lopes, professor da UFMG #Elei\u00e7\u00f5es #Chile #Am\u00e9ricaLatina #Pol\u00edtica via BBC bbc.com\/portuguese\/int\u2026 [ad_2] Curadoria: Projeto Informe-CI<\/p>\n","protected":false},"author":1,"featured_media":0,"comment_status":"open","ping_status":"open","sticky":false,"template":"","format":"standard","meta":{"_jetpack_memberships_contains_paid_content":false,"footnotes":"","jetpack_publicize_message":"","jetpack_publicize_feature_enabled":true,"jetpack_social_post_already_shared":true,"jetpack_social_options":{"image_generator_settings":{"template":"highway","default_image_id":0,"font":"","enabled":false},"version":2}},"categories":[21],"tags":[882,1515,143,412],"class_list":["post-13253","post","type-post","status-publish","format-standard","hentry","category-informeci","tag-americalatina","tag-chile","tag-eleicoes","tag-politica"],"jetpack_publicize_connections":[],"jetpack_featured_media_url":"","views":"","jetpack_sharing_enabled":true,"_links":{"self":[{"href":"https:\/\/www.pedroandretta.info\/index\/wp-json\/wp\/v2\/posts\/13253","targetHints":{"allow":["GET"]}}],"collection":[{"href":"https:\/\/www.pedroandretta.info\/index\/wp-json\/wp\/v2\/posts"}],"about":[{"href":"https:\/\/www.pedroandretta.info\/index\/wp-json\/wp\/v2\/types\/post"}],"author":[{"embeddable":true,"href":"https:\/\/www.pedroandretta.info\/index\/wp-json\/wp\/v2\/users\/1"}],"replies":[{"embeddable":true,"href":"https:\/\/www.pedroandretta.info\/index\/wp-json\/wp\/v2\/comments?post=13253"}],"version-history":[{"count":0,"href":"https:\/\/www.pedroandretta.info\/index\/wp-json\/wp\/v2\/posts\/13253\/revisions"}],"wp:attachment":[{"href":"https:\/\/www.pedroandretta.info\/index\/wp-json\/wp\/v2\/media?parent=13253"}],"wp:term":[{"taxonomy":"category","embeddable":true,"href":"https:\/\/www.pedroandretta.info\/index\/wp-json\/wp\/v2\/categories?post=13253"},{"taxonomy":"post_tag","embeddable":true,"href":"https:\/\/www.pedroandretta.info\/index\/wp-json\/wp\/v2\/tags?post=13253"}],"curies":[{"name":"wp","href":"https:\/\/api.w.org\/{rel}","templated":true}]}}