{"id":13296,"date":"2021-12-27T15:33:00","date_gmt":"2021-12-27T19:33:00","guid":{"rendered":"https:\/\/www.pedroandretta.info\/index\/2021\/12\/27\/brasil-bate-recorde-de-29-dos-desempregados-buscando-vaga-ha-2-anos-l-a\/"},"modified":"2021-12-27T15:33:00","modified_gmt":"2021-12-27T19:33:00","slug":"brasil-bate-recorde-de-29-dos-desempregados-buscando-vaga-ha-2-anos-l-a","status":"publish","type":"post","link":"https:\/\/www.pedroandretta.info\/index\/2021\/12\/brasil-bate-recorde-de-29-dos-desempregados-buscando-vaga-ha-2-anos-l-a\/","title":{"rendered":"Brasil bate recorde de 29% dos desempregados buscando vaga h\u00e1 2 anos l &#8220;[&#8230;] a &#8230;"},"content":{"rendered":"<p>[ad_1]<br \/>\n<img data-recalc-dims=\"1\" decoding=\"async\" src=\"https:\/\/i0.wp.com\/exame.com\/wp-content\/uploads\/2020\/07\/Jornal-Brasil-em-Folhas_Flickr-1-e1607352278970.jpg?w=696&#038;ssl=1\"\/><\/p>\n<p>Brasil bate recorde de 29% dos desempregados buscando vaga h\u00e1 2 anos l &#8220;[&#8230;] a expectativa para os pr\u00f3ximos meses \u00e9 &#8220;de um crescimento menos acentuado da ocupa\u00e7\u00e3o em 2022&#8243; diante das baixas expectativas para a economia&#8221; #Emprego via Exame <a href=\"https:\/\/exame.com\/economia\/brasil-bate-recorde-de-29-dos-desempregados-buscando-vaga-ha-2-anos\/\" target=\"_blank\" rel=\"noopener\">exame.com\/economia\/brasi\u2026<\/a><br \/>\n[ad_2]<br \/>\n<br \/>Curadoria: <a href=\"https:\/\/t.co\/qdDIov5LTC\">Projeto Informe-CI<\/a><\/p>\n","protected":false},"excerpt":{"rendered":"<p>[ad_1] Brasil bate recorde de 29% dos desempregados buscando vaga h\u00e1 2 anos l &#8220;[&#8230;] a expectativa para os pr\u00f3ximos meses \u00e9 &#8220;de um crescimento menos acentuado da ocupa\u00e7\u00e3o em 2022&#8243; diante das baixas expectativas para a economia&#8221; #Emprego via Exame exame.com\/economia\/brasi\u2026 [ad_2] Curadoria: Projeto Informe-CI<\/p>\n","protected":false},"author":1,"featured_media":13297,"comment_status":"open","ping_status":"open","sticky":false,"template":"","format":"standard","meta":{"_jetpack_memberships_contains_paid_content":false,"footnotes":"","jetpack_publicize_message":"","jetpack_publicize_feature_enabled":true,"jetpack_social_post_already_shared":true,"jetpack_social_options":{"image_generator_settings":{"template":"highway","default_image_id":0,"font":"","enabled":false},"version":2}},"categories":[21],"tags":[2745],"class_list":["post-13296","post","type-post","status-publish","format-standard","has-post-thumbnail","hentry","category-informeci","tag-emprego"],"jetpack_publicize_connections":[],"jetpack_featured_media_url":"https:\/\/i0.wp.com\/www.pedroandretta.info\/index\/wp-content\/uploads\/2021\/12\/Jornal-Brasil-em-Folhas_Flickr-1-e1607352278970.jpg?fit=640%2C398&ssl=1","views":"","jetpack_sharing_enabled":true,"_links":{"self":[{"href":"https:\/\/www.pedroandretta.info\/index\/wp-json\/wp\/v2\/posts\/13296","targetHints":{"allow":["GET"]}}],"collection":[{"href":"https:\/\/www.pedroandretta.info\/index\/wp-json\/wp\/v2\/posts"}],"about":[{"href":"https:\/\/www.pedroandretta.info\/index\/wp-json\/wp\/v2\/types\/post"}],"author":[{"embeddable":true,"href":"https:\/\/www.pedroandretta.info\/index\/wp-json\/wp\/v2\/users\/1"}],"replies":[{"embeddable":true,"href":"https:\/\/www.pedroandretta.info\/index\/wp-json\/wp\/v2\/comments?post=13296"}],"version-history":[{"count":0,"href":"https:\/\/www.pedroandretta.info\/index\/wp-json\/wp\/v2\/posts\/13296\/revisions"}],"wp:featuredmedia":[{"embeddable":true,"href":"https:\/\/www.pedroandretta.info\/index\/wp-json\/wp\/v2\/media\/13297"}],"wp:attachment":[{"href":"https:\/\/www.pedroandretta.info\/index\/wp-json\/wp\/v2\/media?parent=13296"}],"wp:term":[{"taxonomy":"category","embeddable":true,"href":"https:\/\/www.pedroandretta.info\/index\/wp-json\/wp\/v2\/categories?post=13296"},{"taxonomy":"post_tag","embeddable":true,"href":"https:\/\/www.pedroandretta.info\/index\/wp-json\/wp\/v2\/tags?post=13296"}],"curies":[{"name":"wp","href":"https:\/\/api.w.org\/{rel}","templated":true}]}}