{"id":13324,"date":"2021-12-30T18:30:47","date_gmt":"2021-12-30T22:30:47","guid":{"rendered":"https:\/\/www.pedroandretta.info\/index\/2021\/12\/30\/os-fatos-que-marcaram-a-cultural-informacional-em-2021-l-num-ano-marcado-p\/"},"modified":"2021-12-30T18:30:47","modified_gmt":"2021-12-30T22:30:47","slug":"os-fatos-que-marcaram-a-cultural-informacional-em-2021-l-num-ano-marcado-p","status":"publish","type":"post","link":"https:\/\/www.pedroandretta.info\/index\/2021\/12\/os-fatos-que-marcaram-a-cultural-informacional-em-2021-l-num-ano-marcado-p\/","title":{"rendered":"Os fatos que marcaram a cultural informacional em 2021 l [&#8230;] num ano marcado p&#8230;"},"content":{"rendered":"<p>[ad_1]<br \/>\n<img data-recalc-dims=\"1\" decoding=\"async\" src=\"https:\/\/i0.wp.com\/biblioo.info\/wp-content\/uploads\/2021\/10\/Cinemateca-Brasileir-em-chamas.jpg?w=696&#038;ssl=1\"\/><\/p>\n<p>Os fatos que marcaram a cultural informacional em 2021 l [&#8230;] num ano marcado pela devastadora segunda onda da Covid-19, que j\u00e1 matou quase 700 mil brasileiros, as pol\u00edticas p\u00fablicas de livro, leitura e bibliotecas continuaram p\u00edfias.\u201d #2021 via Biblioo <a href=\"https:\/\/biblioo.info\/os-fatos-que-marcaram-a-cultural-informacional-em-2021\/\" target=\"_blank\" rel=\"noopener\">biblioo.info\/os-fatos-que-m\u2026<\/a><br \/>\n[ad_2]<br \/>\n<br \/>Curadoria: <a href=\"https:\/\/t.co\/qdDIov5LTC\">Projeto Informe-CI<\/a><\/p>\n","protected":false},"excerpt":{"rendered":"<p>[ad_1] Os fatos que marcaram a cultural informacional em 2021 l [&#8230;] num ano marcado pela devastadora segunda onda da Covid-19, que j\u00e1 matou quase 700 mil brasileiros, as pol\u00edticas p\u00fablicas de livro, leitura e bibliotecas continuaram p\u00edfias.\u201d #2021 via Biblioo biblioo.info\/os-fatos-que-m\u2026 [ad_2] Curadoria: Projeto Informe-CI<\/p>\n","protected":false},"author":1,"featured_media":13325,"comment_status":"open","ping_status":"open","sticky":false,"template":"","format":"standard","meta":{"_jetpack_memberships_contains_paid_content":false,"footnotes":"","jetpack_publicize_message":"","jetpack_publicize_feature_enabled":true,"jetpack_social_post_already_shared":true,"jetpack_social_options":{"image_generator_settings":{"template":"highway","default_image_id":0,"font":"","enabled":false},"version":2}},"categories":[21],"tags":[],"class_list":["post-13324","post","type-post","status-publish","format-standard","has-post-thumbnail","hentry","category-informeci"],"jetpack_publicize_connections":[],"jetpack_featured_media_url":"https:\/\/i0.wp.com\/www.pedroandretta.info\/index\/wp-content\/uploads\/2021\/12\/Cinemateca-Brasileir-em-chamas.jpg?fit=1280%2C724&ssl=1","views":"","jetpack_sharing_enabled":true,"_links":{"self":[{"href":"https:\/\/www.pedroandretta.info\/index\/wp-json\/wp\/v2\/posts\/13324","targetHints":{"allow":["GET"]}}],"collection":[{"href":"https:\/\/www.pedroandretta.info\/index\/wp-json\/wp\/v2\/posts"}],"about":[{"href":"https:\/\/www.pedroandretta.info\/index\/wp-json\/wp\/v2\/types\/post"}],"author":[{"embeddable":true,"href":"https:\/\/www.pedroandretta.info\/index\/wp-json\/wp\/v2\/users\/1"}],"replies":[{"embeddable":true,"href":"https:\/\/www.pedroandretta.info\/index\/wp-json\/wp\/v2\/comments?post=13324"}],"version-history":[{"count":0,"href":"https:\/\/www.pedroandretta.info\/index\/wp-json\/wp\/v2\/posts\/13324\/revisions"}],"wp:featuredmedia":[{"embeddable":true,"href":"https:\/\/www.pedroandretta.info\/index\/wp-json\/wp\/v2\/media\/13325"}],"wp:attachment":[{"href":"https:\/\/www.pedroandretta.info\/index\/wp-json\/wp\/v2\/media?parent=13324"}],"wp:term":[{"taxonomy":"category","embeddable":true,"href":"https:\/\/www.pedroandretta.info\/index\/wp-json\/wp\/v2\/categories?post=13324"},{"taxonomy":"post_tag","embeddable":true,"href":"https:\/\/www.pedroandretta.info\/index\/wp-json\/wp\/v2\/tags?post=13324"}],"curies":[{"name":"wp","href":"https:\/\/api.w.org\/{rel}","templated":true}]}}