{"id":13327,"date":"2021-12-30T20:24:23","date_gmt":"2021-12-31T00:24:23","guid":{"rendered":"https:\/\/www.pedroandretta.info\/index\/2021\/12\/30\/a-biblioteconomia-e-as-contradicoes-do-social-l-a-biblioteca-vista-como-uma-ins\/"},"modified":"2021-12-30T20:24:23","modified_gmt":"2021-12-31T00:24:23","slug":"a-biblioteconomia-e-as-contradicoes-do-social-l-a-biblioteca-vista-como-uma-ins","status":"publish","type":"post","link":"https:\/\/www.pedroandretta.info\/index\/2021\/12\/a-biblioteconomia-e-as-contradicoes-do-social-l-a-biblioteca-vista-como-uma-ins\/","title":{"rendered":"A Biblioteconomia e as contradi\u00e7\u00f5es do social l \u201cA biblioteca vista como uma ins&#8230;"},"content":{"rendered":"<p>[ad_1]<\/p>\n<p>A Biblioteconomia e as contradi\u00e7\u00f5es do social l \u201cA biblioteca vista como uma institui\u00e7\u00e3o informativa documental permitiria o acesso ao produto social do conhecimento e o acesso ao mundo da informa\u00e7\u00e3o [&#8230;] #Biblioteconomia #FundamentosDeBiblioteconomia <a href=\"http:\/\/doi.org\/10.22478\/ufpb.1809-4783.2017v27n1.31133\" target=\"_blank\" rel=\"noopener\">doi.org\/10.22478\/ufpb.\u2026<\/a><br \/>\n[ad_2]<br \/>\n<br \/>Curadoria: <a href=\"https:\/\/t.co\/qdDIov5LTC\">Projeto Informe-CI<\/a><\/p>\n","protected":false},"excerpt":{"rendered":"<p>[ad_1] A Biblioteconomia e as contradi\u00e7\u00f5es do social l \u201cA biblioteca vista como uma institui\u00e7\u00e3o informativa documental permitiria o acesso ao produto social do conhecimento e o acesso ao mundo da informa\u00e7\u00e3o [&#8230;] #Biblioteconomia #FundamentosDeBiblioteconomia doi.org\/10.22478\/ufpb.\u2026 [ad_2] Curadoria: Projeto Informe-CI<\/p>\n","protected":false},"author":1,"featured_media":0,"comment_status":"open","ping_status":"open","sticky":false,"template":"","format":"standard","meta":{"_jetpack_memberships_contains_paid_content":false,"footnotes":"","jetpack_publicize_message":"","jetpack_publicize_feature_enabled":true,"jetpack_social_post_already_shared":true,"jetpack_social_options":{"image_generator_settings":{"template":"highway","default_image_id":0,"font":"","enabled":false},"version":2}},"categories":[21],"tags":[33,615],"class_list":["post-13327","post","type-post","status-publish","format-standard","hentry","category-informeci","tag-biblioteconomia","tag-fundamentosdebiblioteconomia"],"jetpack_publicize_connections":[],"jetpack_featured_media_url":"","views":"","jetpack_sharing_enabled":true,"_links":{"self":[{"href":"https:\/\/www.pedroandretta.info\/index\/wp-json\/wp\/v2\/posts\/13327","targetHints":{"allow":["GET"]}}],"collection":[{"href":"https:\/\/www.pedroandretta.info\/index\/wp-json\/wp\/v2\/posts"}],"about":[{"href":"https:\/\/www.pedroandretta.info\/index\/wp-json\/wp\/v2\/types\/post"}],"author":[{"embeddable":true,"href":"https:\/\/www.pedroandretta.info\/index\/wp-json\/wp\/v2\/users\/1"}],"replies":[{"embeddable":true,"href":"https:\/\/www.pedroandretta.info\/index\/wp-json\/wp\/v2\/comments?post=13327"}],"version-history":[{"count":0,"href":"https:\/\/www.pedroandretta.info\/index\/wp-json\/wp\/v2\/posts\/13327\/revisions"}],"wp:attachment":[{"href":"https:\/\/www.pedroandretta.info\/index\/wp-json\/wp\/v2\/media?parent=13327"}],"wp:term":[{"taxonomy":"category","embeddable":true,"href":"https:\/\/www.pedroandretta.info\/index\/wp-json\/wp\/v2\/categories?post=13327"},{"taxonomy":"post_tag","embeddable":true,"href":"https:\/\/www.pedroandretta.info\/index\/wp-json\/wp\/v2\/tags?post=13327"}],"curies":[{"name":"wp","href":"https:\/\/api.w.org\/{rel}","templated":true}]}}