{"id":13573,"date":"2022-01-24T10:56:36","date_gmt":"2022-01-24T14:56:36","guid":{"rendered":"https:\/\/www.pedroandretta.info\/index\/2022\/01\/24\/poema-inedito-de-mario-quintana-e-descoberto-por-livreiro-lpoema-cancao-do\/"},"modified":"2022-01-24T10:56:36","modified_gmt":"2022-01-24T14:56:36","slug":"poema-inedito-de-mario-quintana-e-descoberto-por-livreiro-lpoema-cancao-do","status":"publish","type":"post","link":"https:\/\/www.pedroandretta.info\/index\/2022\/01\/poema-inedito-de-mario-quintana-e-descoberto-por-livreiro-lpoema-cancao-do\/","title":{"rendered":"Poema in\u00e9dito de Mario Quintana \u00e9 descoberto por livreiro&#8230; l&#8221;Poema &#8216;Can\u00e7\u00e3o do &#8230;"},"content":{"rendered":"<p>[ad_1]<br \/>\n<img data-recalc-dims=\"1\" decoding=\"async\" src=\"https:\/\/i0.wp.com\/s2.glbimg.com\/r9k0H_Tbh7hziPGQ9v2ZKud57mY%3D\/1200x\/smart\/filters%3Acover%28%29%3Astrip_icc%28%29\/i.s3.glbimg.com\/v1\/AUTH_59edd422c0c84a879bd37670ae4f538a\/internal_photos\/bs\/2022\/L\/1\/fAEd2dRcGBCHyExBkW0A\/manuscrito-rbsn-2001.jpeg-frame-0.png?w=696&#038;ssl=1\"\/><\/p>\n<p>Poema in\u00e9dito de Mario Quintana \u00e9 descoberto por livreiro&#8230; l&#8221;Poema &#8216;Can\u00e7\u00e3o do Primeiro do Ano&#8217;, assinado pelo poeta, foi comparado com outros manuscritos do autor. Escritores afirmam que n\u00e3o t\u00eam d\u00favida da legitimidade do documento&#8221; #M\u00e1rioQuintana via G1 <a href=\"https:\/\/g1.globo.com\/rs\/rio-grande-do-sul\/noticia\/2022\/01\/20\/poema-inedito-de-mario-quintana-e-descoberto-por-livreiro-em-porto-alegre-associacao-diz-que-documento-e-original.ghtml\" target=\"_blank\" rel=\"noopener\">g1.globo.com\/rs\/rio-grande-\u2026<\/a><br \/>\n[ad_2]<br \/>\n<br \/>Curadoria: <a href=\"https:\/\/t.co\/qdDIov5LTC\">Projeto Informe-CI<\/a><\/p>\n","protected":false},"excerpt":{"rendered":"<p>[ad_1] Poema in\u00e9dito de Mario Quintana \u00e9 descoberto por livreiro&#8230; l&#8221;Poema &#8216;Can\u00e7\u00e3o do Primeiro do Ano&#8217;, assinado pelo poeta, foi comparado com outros manuscritos do autor. Escritores afirmam que n\u00e3o t\u00eam d\u00favida da legitimidade do documento&#8221; #M\u00e1rioQuintana via G1 g1.globo.com\/rs\/rio-grande-\u2026 [ad_2] Curadoria: Projeto Informe-CI<\/p>\n","protected":false},"author":1,"featured_media":13574,"comment_status":"open","ping_status":"open","sticky":false,"template":"","format":"standard","meta":{"_jetpack_memberships_contains_paid_content":false,"footnotes":"","jetpack_publicize_message":"","jetpack_publicize_feature_enabled":true,"jetpack_social_post_already_shared":true,"jetpack_social_options":{"image_generator_settings":{"template":"highway","default_image_id":0,"font":"","enabled":false},"version":2}},"categories":[21],"tags":[2936],"class_list":["post-13573","post","type-post","status-publish","format-standard","has-post-thumbnail","hentry","category-informeci","tag-marioquintana"],"jetpack_publicize_connections":[],"jetpack_featured_media_url":"https:\/\/i0.wp.com\/www.pedroandretta.info\/index\/wp-content\/uploads\/2022\/01\/manuscrito-rbsn-2001.jpeg-frame-0.png?fit=1200%2C675&ssl=1","views":"","jetpack_sharing_enabled":true,"_links":{"self":[{"href":"https:\/\/www.pedroandretta.info\/index\/wp-json\/wp\/v2\/posts\/13573","targetHints":{"allow":["GET"]}}],"collection":[{"href":"https:\/\/www.pedroandretta.info\/index\/wp-json\/wp\/v2\/posts"}],"about":[{"href":"https:\/\/www.pedroandretta.info\/index\/wp-json\/wp\/v2\/types\/post"}],"author":[{"embeddable":true,"href":"https:\/\/www.pedroandretta.info\/index\/wp-json\/wp\/v2\/users\/1"}],"replies":[{"embeddable":true,"href":"https:\/\/www.pedroandretta.info\/index\/wp-json\/wp\/v2\/comments?post=13573"}],"version-history":[{"count":0,"href":"https:\/\/www.pedroandretta.info\/index\/wp-json\/wp\/v2\/posts\/13573\/revisions"}],"wp:featuredmedia":[{"embeddable":true,"href":"https:\/\/www.pedroandretta.info\/index\/wp-json\/wp\/v2\/media\/13574"}],"wp:attachment":[{"href":"https:\/\/www.pedroandretta.info\/index\/wp-json\/wp\/v2\/media?parent=13573"}],"wp:term":[{"taxonomy":"category","embeddable":true,"href":"https:\/\/www.pedroandretta.info\/index\/wp-json\/wp\/v2\/categories?post=13573"},{"taxonomy":"post_tag","embeddable":true,"href":"https:\/\/www.pedroandretta.info\/index\/wp-json\/wp\/v2\/tags?post=13573"}],"curies":[{"name":"wp","href":"https:\/\/api.w.org\/{rel}","templated":true}]}}