{"id":13582,"date":"2022-01-24T19:37:33","date_gmt":"2022-01-24T23:37:33","guid":{"rendered":"https:\/\/www.pedroandretta.info\/index\/2022\/01\/24\/associacao-dos-sintomas-depressivos-com-o-endosso-da-desinformacao-da-vacina-cov\/"},"modified":"2022-01-24T19:37:33","modified_gmt":"2022-01-24T23:37:33","slug":"associacao-dos-sintomas-depressivos-com-o-endosso-da-desinformacao-da-vacina-cov","status":"publish","type":"post","link":"https:\/\/www.pedroandretta.info\/index\/2022\/01\/associacao-dos-sintomas-depressivos-com-o-endosso-da-desinformacao-da-vacina-cov\/","title":{"rendered":"Associa\u00e7\u00e3o dos sintomas depressivos com o endosso da desinforma\u00e7\u00e3o da vacina COV&#8230;"},"content":{"rendered":"<p>[ad_1]<br \/>\n<img data-recalc-dims=\"1\" decoding=\"async\" src=\"https:\/\/i0.wp.com\/pbs.twimg.com\/media\/FJ55qJHWYAg9Nee.jpg?w=696&#038;ssl=1\" \/><\/p>\n<p>Associa\u00e7\u00e3o dos sintomas depressivos com o endosso da desinforma\u00e7\u00e3o da vacina COVID-19 entre adultos dos EUA l Estudo aponta que pessoas deprimidas t\u00eam uma probabilidade 2,2 vezes maior de apoiar not\u00edcias falsas sobre a vacina\u00e7\u00e3o. #Desinforma\u00e7\u00e3o #Depress\u00e3o <a href=\"https:\/\/jamanetwork.com\/journals\/jamanetworkopen\/fullarticle\/2788284\" target=\"_blank\" rel=\"noopener\">jamanetwork.com\/journals\/jaman\u2026<\/a> <a href=\"https:\/\/t.co\/gftOB4DBEj\" target=\"_blank\" rel=\"noopener\">https:\/\/t.co\/gftOB4DBEj<\/a><br \/>\n[ad_2]<br \/>\n<br \/>Curadoria: <a href=\"https:\/\/t.co\/qdDIov5LTC\">Projeto Informe-CI<\/a><\/p>\n","protected":false},"excerpt":{"rendered":"<p>[ad_1] Associa\u00e7\u00e3o dos sintomas depressivos com o endosso da desinforma\u00e7\u00e3o da vacina COVID-19 entre adultos dos EUA l Estudo aponta que pessoas deprimidas t\u00eam uma probabilidade 2,2 vezes maior de apoiar not\u00edcias falsas sobre a vacina\u00e7\u00e3o. #Desinforma\u00e7\u00e3o #Depress\u00e3o jamanetwork.com\/journals\/jaman\u2026 https:\/\/t.co\/gftOB4DBEj [ad_2] Curadoria: Projeto Informe-CI<\/p>\n","protected":false},"author":1,"featured_media":13583,"comment_status":"open","ping_status":"open","sticky":false,"template":"","format":"standard","meta":{"_jetpack_memberships_contains_paid_content":false,"footnotes":"","jetpack_publicize_message":"","jetpack_publicize_feature_enabled":true,"jetpack_social_post_already_shared":true,"jetpack_social_options":{"image_generator_settings":{"template":"highway","default_image_id":0,"font":"","enabled":false},"version":2}},"categories":[21],"tags":[576,142],"class_list":["post-13582","post","type-post","status-publish","format-standard","has-post-thumbnail","hentry","category-informeci","tag-depressao","tag-desinformacao"],"jetpack_publicize_connections":[],"jetpack_featured_media_url":"https:\/\/i0.wp.com\/www.pedroandretta.info\/index\/wp-content\/uploads\/2022\/01\/FJ55qJHWYAg9Nee.jpg?fit=640%2C902&ssl=1","views":"","jetpack_sharing_enabled":true,"_links":{"self":[{"href":"https:\/\/www.pedroandretta.info\/index\/wp-json\/wp\/v2\/posts\/13582","targetHints":{"allow":["GET"]}}],"collection":[{"href":"https:\/\/www.pedroandretta.info\/index\/wp-json\/wp\/v2\/posts"}],"about":[{"href":"https:\/\/www.pedroandretta.info\/index\/wp-json\/wp\/v2\/types\/post"}],"author":[{"embeddable":true,"href":"https:\/\/www.pedroandretta.info\/index\/wp-json\/wp\/v2\/users\/1"}],"replies":[{"embeddable":true,"href":"https:\/\/www.pedroandretta.info\/index\/wp-json\/wp\/v2\/comments?post=13582"}],"version-history":[{"count":0,"href":"https:\/\/www.pedroandretta.info\/index\/wp-json\/wp\/v2\/posts\/13582\/revisions"}],"wp:featuredmedia":[{"embeddable":true,"href":"https:\/\/www.pedroandretta.info\/index\/wp-json\/wp\/v2\/media\/13583"}],"wp:attachment":[{"href":"https:\/\/www.pedroandretta.info\/index\/wp-json\/wp\/v2\/media?parent=13582"}],"wp:term":[{"taxonomy":"category","embeddable":true,"href":"https:\/\/www.pedroandretta.info\/index\/wp-json\/wp\/v2\/categories?post=13582"},{"taxonomy":"post_tag","embeddable":true,"href":"https:\/\/www.pedroandretta.info\/index\/wp-json\/wp\/v2\/tags?post=13582"}],"curies":[{"name":"wp","href":"https:\/\/api.w.org\/{rel}","templated":true}]}}