{"id":13587,"date":"2022-01-25T01:43:41","date_gmt":"2022-01-25T05:43:41","guid":{"rendered":"https:\/\/www.pedroandretta.info\/index\/2022\/01\/25\/o-papel-dos-bibliotecarios-neste-ano-eleitoral-l-fake-news-constituem-crime-pre\/"},"modified":"2022-01-25T01:43:41","modified_gmt":"2022-01-25T05:43:41","slug":"o-papel-dos-bibliotecarios-neste-ano-eleitoral-l-fake-news-constituem-crime-pre","status":"publish","type":"post","link":"https:\/\/www.pedroandretta.info\/index\/2022\/01\/o-papel-dos-bibliotecarios-neste-ano-eleitoral-l-fake-news-constituem-crime-pre\/","title":{"rendered":"O papel dos bibliotec\u00e1rios neste ano eleitoral l \u201cFake news constituem crime pre&#8230;"},"content":{"rendered":"<p>[ad_1]<\/p>\n<p>O papel dos bibliotec\u00e1rios neste ano eleitoral l \u201cFake news constituem crime previsto na legisla\u00e7\u00e3o penal. Por isso, cabe a esses profissionais encabe\u00e7ar campanhas contra a desinforma\u00e7\u00e3o [&#8230;]\u201d #Desinforma\u00e7\u00e3o #Elei\u00e7\u00f5es #Bibliotec\u00e1rios via O TEMPO <a href=\"https:\/\/www.otempo.com.br\/opiniao\/artigos\/o-papel-dos-bibliotecarios-neste-ano-eleitoral-1.2598795\" target=\"_blank\" rel=\"noopener\">otempo.com.br\/opiniao\/artigo\u2026<\/a><br \/>\n[ad_2]<br \/>\n<br \/>Curadoria: <a href=\"https:\/\/t.co\/qdDIov5LTC\">Projeto Informe-CI<\/a><\/p>\n","protected":false},"excerpt":{"rendered":"<p>[ad_1] O papel dos bibliotec\u00e1rios neste ano eleitoral l \u201cFake news constituem crime previsto na legisla\u00e7\u00e3o penal. Por isso, cabe a esses profissionais encabe\u00e7ar campanhas contra a desinforma\u00e7\u00e3o [&#8230;]\u201d #Desinforma\u00e7\u00e3o #Elei\u00e7\u00f5es #Bibliotec\u00e1rios via O TEMPO otempo.com.br\/opiniao\/artigo\u2026 [ad_2] Curadoria: Projeto Informe-CI<\/p>\n","protected":false},"author":1,"featured_media":0,"comment_status":"open","ping_status":"open","sticky":false,"template":"","format":"standard","meta":{"_jetpack_memberships_contains_paid_content":false,"footnotes":"","jetpack_publicize_message":"","jetpack_publicize_feature_enabled":true,"jetpack_social_post_already_shared":true,"jetpack_social_options":{"image_generator_settings":{"template":"highway","default_image_id":0,"font":"","enabled":false},"version":2}},"categories":[21],"tags":[22,142,143],"class_list":["post-13587","post","type-post","status-publish","format-standard","hentry","category-informeci","tag-bibliotecarios","tag-desinformacao","tag-eleicoes"],"jetpack_publicize_connections":[],"jetpack_featured_media_url":"","views":"","jetpack_sharing_enabled":true,"_links":{"self":[{"href":"https:\/\/www.pedroandretta.info\/index\/wp-json\/wp\/v2\/posts\/13587","targetHints":{"allow":["GET"]}}],"collection":[{"href":"https:\/\/www.pedroandretta.info\/index\/wp-json\/wp\/v2\/posts"}],"about":[{"href":"https:\/\/www.pedroandretta.info\/index\/wp-json\/wp\/v2\/types\/post"}],"author":[{"embeddable":true,"href":"https:\/\/www.pedroandretta.info\/index\/wp-json\/wp\/v2\/users\/1"}],"replies":[{"embeddable":true,"href":"https:\/\/www.pedroandretta.info\/index\/wp-json\/wp\/v2\/comments?post=13587"}],"version-history":[{"count":0,"href":"https:\/\/www.pedroandretta.info\/index\/wp-json\/wp\/v2\/posts\/13587\/revisions"}],"wp:attachment":[{"href":"https:\/\/www.pedroandretta.info\/index\/wp-json\/wp\/v2\/media?parent=13587"}],"wp:term":[{"taxonomy":"category","embeddable":true,"href":"https:\/\/www.pedroandretta.info\/index\/wp-json\/wp\/v2\/categories?post=13587"},{"taxonomy":"post_tag","embeddable":true,"href":"https:\/\/www.pedroandretta.info\/index\/wp-json\/wp\/v2\/tags?post=13587"}],"curies":[{"name":"wp","href":"https:\/\/api.w.org\/{rel}","templated":true}]}}