{"id":14009,"date":"2022-02-18T14:52:51","date_gmt":"2022-02-18T18:52:51","guid":{"rendered":"https:\/\/www.pedroandretta.info\/index\/2022\/02\/18\/retorno-da-fome-ao-brasil-e-um-monumento-erguido-com-a-ruina-das-politicas-publi\/"},"modified":"2022-02-18T14:52:51","modified_gmt":"2022-02-18T18:52:51","slug":"retorno-da-fome-ao-brasil-e-um-monumento-erguido-com-a-ruina-das-politicas-publi","status":"publish","type":"post","link":"https:\/\/www.pedroandretta.info\/index\/2022\/02\/retorno-da-fome-ao-brasil-e-um-monumento-erguido-com-a-ruina-das-politicas-publi\/","title":{"rendered":"Retorno da fome ao Brasil \u00e9 um monumento erguido com a ru\u00edna das pol\u00edticas p\u00fabli&#8230;"},"content":{"rendered":"<p>[ad_1]<\/p>\n<p>Retorno da fome ao Brasil \u00e9 um monumento erguido com a ru\u00edna das pol\u00edticas p\u00fablicas l Entrevista especial com a historiadora, Dra. Denise De Sordi l #Fome #BolsaFam\u00edlia #Aux\u00edlioBrasil #Pol\u00edticasP\u00fablicas  #Entrevista via UNISINOS <a href=\"https:\/\/www.ihu.unisinos.br\/616266-retorno-da-fome-ao-brasil-e-um-monumento-erguido-com-a-ruina-das-politicas-publicas-entrevista-especial-com-denise-de-sordi\" target=\"_blank\" rel=\"noopener\">ihu.unisinos.br\/616266-retorno\u2026<\/a><br \/>\n[ad_2]<br \/>\n<br \/>Curadoria: <a href=\"https:\/\/t.co\/qdDIov5LTC\">Projeto Informe-CI<\/a><\/p>\n","protected":false},"excerpt":{"rendered":"<p>[ad_1] Retorno da fome ao Brasil \u00e9 um monumento erguido com a ru\u00edna das pol\u00edticas p\u00fablicas l Entrevista especial com a historiadora, Dra. Denise De Sordi l #Fome #BolsaFam\u00edlia #Aux\u00edlioBrasil #Pol\u00edticasP\u00fablicas #Entrevista via UNISINOS ihu.unisinos.br\/616266-retorno\u2026 [ad_2] Curadoria: Projeto Informe-CI<\/p>\n","protected":false},"author":1,"featured_media":0,"comment_status":"open","ping_status":"open","sticky":false,"template":"","format":"standard","meta":{"_jetpack_memberships_contains_paid_content":false,"footnotes":"","jetpack_publicize_message":"","jetpack_publicize_feature_enabled":true,"jetpack_social_post_already_shared":true,"jetpack_social_options":{"image_generator_settings":{"template":"highway","default_image_id":0,"font":"","enabled":false},"version":2}},"categories":[21],"tags":[2760,2759,601,2366,449],"class_list":["post-14009","post","type-post","status-publish","format-standard","hentry","category-informeci","tag-auxiliobrasil","tag-bolsafamilia","tag-entrevista","tag-fome","tag-politicaspublicas"],"jetpack_publicize_connections":[],"jetpack_featured_media_url":"","views":"","jetpack_sharing_enabled":true,"_links":{"self":[{"href":"https:\/\/www.pedroandretta.info\/index\/wp-json\/wp\/v2\/posts\/14009","targetHints":{"allow":["GET"]}}],"collection":[{"href":"https:\/\/www.pedroandretta.info\/index\/wp-json\/wp\/v2\/posts"}],"about":[{"href":"https:\/\/www.pedroandretta.info\/index\/wp-json\/wp\/v2\/types\/post"}],"author":[{"embeddable":true,"href":"https:\/\/www.pedroandretta.info\/index\/wp-json\/wp\/v2\/users\/1"}],"replies":[{"embeddable":true,"href":"https:\/\/www.pedroandretta.info\/index\/wp-json\/wp\/v2\/comments?post=14009"}],"version-history":[{"count":0,"href":"https:\/\/www.pedroandretta.info\/index\/wp-json\/wp\/v2\/posts\/14009\/revisions"}],"wp:attachment":[{"href":"https:\/\/www.pedroandretta.info\/index\/wp-json\/wp\/v2\/media?parent=14009"}],"wp:term":[{"taxonomy":"category","embeddable":true,"href":"https:\/\/www.pedroandretta.info\/index\/wp-json\/wp\/v2\/categories?post=14009"},{"taxonomy":"post_tag","embeddable":true,"href":"https:\/\/www.pedroandretta.info\/index\/wp-json\/wp\/v2\/tags?post=14009"}],"curies":[{"name":"wp","href":"https:\/\/api.w.org\/{rel}","templated":true}]}}