{"id":14292,"date":"2022-03-12T18:27:42","date_gmt":"2022-03-12T22:27:42","guid":{"rendered":"https:\/\/www.pedroandretta.info\/index\/2022\/03\/12\/ate-logo-meu-amigo-l-com-surpresa-soube-do-falecimento-de-chico-de-paula-do\/"},"modified":"2022-03-12T18:27:42","modified_gmt":"2022-03-12T22:27:42","slug":"ate-logo-meu-amigo-l-com-surpresa-soube-do-falecimento-de-chico-de-paula-do","status":"publish","type":"post","link":"https:\/\/www.pedroandretta.info\/index\/2022\/03\/ate-logo-meu-amigo-l-com-surpresa-soube-do-falecimento-de-chico-de-paula-do\/","title":{"rendered":"At\u00e9 logo, meu amigo! l Com surpresa, soube do falecimento de Chico de Paula, do &#8230;"},"content":{"rendered":"<p>[ad_1]<br \/>\n<img data-recalc-dims=\"1\" decoding=\"async\" src=\"https:\/\/i0.wp.com\/biblioo.info\/wp-content\/uploads\/2022\/03\/unnamed-1.png?w=696&#038;ssl=1\"\/><\/p>\n<p>At\u00e9 logo, meu amigo! l Com surpresa, soube do falecimento de Chico de Paula, do Biblioo. Uma tristeza para os amigos, fam\u00edlia e a #Biblioteconomia . \u201cEm mais uma contradi\u00e7\u00e3o da vida, Chico de Paula nos deixa justamente no dia do Bibliotec\u00e1rio\u201d via Biblioo <a href=\"https:\/\/biblioo.info\/ate-logo-meu-amigo\/\" target=\"_blank\" rel=\"noopener\">biblioo.info\/ate-logo-meu-a\u2026<\/a><br \/>\n[ad_2]<br \/>\n<br \/>Curadoria: <a href=\"https:\/\/t.co\/qdDIov5LTC\">Projeto Informe-CI<\/a><\/p>\n","protected":false},"excerpt":{"rendered":"<p>[ad_1] At\u00e9 logo, meu amigo! l Com surpresa, soube do falecimento de Chico de Paula, do Biblioo. Uma tristeza para os amigos, fam\u00edlia e a #Biblioteconomia . \u201cEm mais uma contradi\u00e7\u00e3o da vida, Chico de Paula nos deixa justamente no dia do Bibliotec\u00e1rio\u201d via Biblioo biblioo.info\/ate-logo-meu-a\u2026 [ad_2] Curadoria: Projeto Informe-CI<\/p>\n","protected":false},"author":1,"featured_media":14293,"comment_status":"open","ping_status":"open","sticky":false,"template":"","format":"standard","meta":{"_jetpack_memberships_contains_paid_content":false,"footnotes":"","jetpack_publicize_message":"","jetpack_publicize_feature_enabled":true,"jetpack_social_post_already_shared":true,"jetpack_social_options":{"image_generator_settings":{"template":"highway","default_image_id":0,"font":"","enabled":false},"version":2}},"categories":[21],"tags":[33],"class_list":["post-14292","post","type-post","status-publish","format-standard","has-post-thumbnail","hentry","category-informeci","tag-biblioteconomia"],"jetpack_publicize_connections":[],"jetpack_featured_media_url":"https:\/\/i0.wp.com\/www.pedroandretta.info\/index\/wp-content\/uploads\/2022\/03\/unnamed-1.png?fit=1000%2C1333&ssl=1","views":"","jetpack_sharing_enabled":true,"_links":{"self":[{"href":"https:\/\/www.pedroandretta.info\/index\/wp-json\/wp\/v2\/posts\/14292","targetHints":{"allow":["GET"]}}],"collection":[{"href":"https:\/\/www.pedroandretta.info\/index\/wp-json\/wp\/v2\/posts"}],"about":[{"href":"https:\/\/www.pedroandretta.info\/index\/wp-json\/wp\/v2\/types\/post"}],"author":[{"embeddable":true,"href":"https:\/\/www.pedroandretta.info\/index\/wp-json\/wp\/v2\/users\/1"}],"replies":[{"embeddable":true,"href":"https:\/\/www.pedroandretta.info\/index\/wp-json\/wp\/v2\/comments?post=14292"}],"version-history":[{"count":0,"href":"https:\/\/www.pedroandretta.info\/index\/wp-json\/wp\/v2\/posts\/14292\/revisions"}],"wp:featuredmedia":[{"embeddable":true,"href":"https:\/\/www.pedroandretta.info\/index\/wp-json\/wp\/v2\/media\/14293"}],"wp:attachment":[{"href":"https:\/\/www.pedroandretta.info\/index\/wp-json\/wp\/v2\/media?parent=14292"}],"wp:term":[{"taxonomy":"category","embeddable":true,"href":"https:\/\/www.pedroandretta.info\/index\/wp-json\/wp\/v2\/categories?post=14292"},{"taxonomy":"post_tag","embeddable":true,"href":"https:\/\/www.pedroandretta.info\/index\/wp-json\/wp\/v2\/tags?post=14292"}],"curies":[{"name":"wp","href":"https:\/\/api.w.org\/{rel}","templated":true}]}}