{"id":14316,"date":"2022-03-15T17:49:12","date_gmt":"2022-03-15T21:49:12","guid":{"rendered":"https:\/\/www.pedroandretta.info\/index\/2022\/03\/15\/quando-as-palavras-faltam-pela-ausencia-e-preciso-recorrer-as-memorias-as-imag\/"},"modified":"2022-03-15T17:49:12","modified_gmt":"2022-03-15T21:49:12","slug":"quando-as-palavras-faltam-pela-ausencia-e-preciso-recorrer-as-memorias-as-imag","status":"publish","type":"post","link":"https:\/\/www.pedroandretta.info\/index\/2022\/03\/quando-as-palavras-faltam-pela-ausencia-e-preciso-recorrer-as-memorias-as-imag\/","title":{"rendered":"Quando as palavras faltam pela aus\u00eancia, \u00e9 preciso recorrer \u00e0s mem\u00f3rias, \u00e0s imag&#8230;"},"content":{"rendered":"<p>[ad_1]<\/p>\n<p>Quando as palavras faltam pela aus\u00eancia, \u00e9 preciso recorrer \u00e0s mem\u00f3rias, \u00e0s imagens para que possamos seguir l\u201cChico era um bibliotec\u00e1rio espacial, um comunicador arguto e um agente do direito de forma\u00e7\u00e3o humanista e socialista\u201d #ChicoDePaula via Rede LEQT <a href=\"https:\/\/redeleqt.org.br\/quando-as-palavras-faltam-pela-ausencia-e-preciso-recorrer-as-memorias-as-imagens-para-que-possamos-seguir-20220315\" target=\"_blank\" rel=\"noopener\">redeleqt.org.br\/quando-as-pala\u2026<\/a><br \/>\n[ad_2]<br \/>\n<br \/>Curadoria: <a href=\"https:\/\/t.co\/qdDIov5LTC\">Projeto Informe-CI<\/a><\/p>\n","protected":false},"excerpt":{"rendered":"<p>[ad_1] Quando as palavras faltam pela aus\u00eancia, \u00e9 preciso recorrer \u00e0s mem\u00f3rias, \u00e0s imagens para que possamos seguir l\u201cChico era um bibliotec\u00e1rio espacial, um comunicador arguto e um agente do direito de forma\u00e7\u00e3o humanista e socialista\u201d #ChicoDePaula via Rede LEQT redeleqt.org.br\/quando-as-pala\u2026 [ad_2] Curadoria: Projeto Informe-CI<\/p>\n","protected":false},"author":1,"featured_media":0,"comment_status":"open","ping_status":"open","sticky":false,"template":"","format":"standard","meta":{"_jetpack_memberships_contains_paid_content":false,"footnotes":"","jetpack_publicize_message":"","jetpack_publicize_feature_enabled":true,"jetpack_social_post_already_shared":true,"jetpack_social_options":{"image_generator_settings":{"template":"highway","default_image_id":0,"font":"","enabled":false},"version":2}},"categories":[21],"tags":[2982],"class_list":["post-14316","post","type-post","status-publish","format-standard","hentry","category-informeci","tag-chicodepaula"],"jetpack_publicize_connections":[],"jetpack_featured_media_url":"","views":"","jetpack_sharing_enabled":true,"_links":{"self":[{"href":"https:\/\/www.pedroandretta.info\/index\/wp-json\/wp\/v2\/posts\/14316","targetHints":{"allow":["GET"]}}],"collection":[{"href":"https:\/\/www.pedroandretta.info\/index\/wp-json\/wp\/v2\/posts"}],"about":[{"href":"https:\/\/www.pedroandretta.info\/index\/wp-json\/wp\/v2\/types\/post"}],"author":[{"embeddable":true,"href":"https:\/\/www.pedroandretta.info\/index\/wp-json\/wp\/v2\/users\/1"}],"replies":[{"embeddable":true,"href":"https:\/\/www.pedroandretta.info\/index\/wp-json\/wp\/v2\/comments?post=14316"}],"version-history":[{"count":0,"href":"https:\/\/www.pedroandretta.info\/index\/wp-json\/wp\/v2\/posts\/14316\/revisions"}],"wp:attachment":[{"href":"https:\/\/www.pedroandretta.info\/index\/wp-json\/wp\/v2\/media?parent=14316"}],"wp:term":[{"taxonomy":"category","embeddable":true,"href":"https:\/\/www.pedroandretta.info\/index\/wp-json\/wp\/v2\/categories?post=14316"},{"taxonomy":"post_tag","embeddable":true,"href":"https:\/\/www.pedroandretta.info\/index\/wp-json\/wp\/v2\/tags?post=14316"}],"curies":[{"name":"wp","href":"https:\/\/api.w.org\/{rel}","templated":true}]}}