{"id":14330,"date":"2022-03-16T17:16:19","date_gmt":"2022-03-16T21:16:19","guid":{"rendered":"https:\/\/www.pedroandretta.info\/index\/2022\/03\/16\/as-bibliotecas-invisiveis-por-william-marx-l-ha-as-bibliotecasinvisiveis\/"},"modified":"2022-03-16T17:16:19","modified_gmt":"2022-03-16T21:16:19","slug":"as-bibliotecas-invisiveis-por-william-marx-l-ha-as-bibliotecasinvisiveis","status":"publish","type":"post","link":"https:\/\/www.pedroandretta.info\/index\/2022\/03\/as-bibliotecas-invisiveis-por-william-marx-l-ha-as-bibliotecasinvisiveis\/","title":{"rendered":"As Bibliotecas Invis\u00edveis, por William Marx l&#8221;[&#8230;] h\u00e1 as #BibliotecasInvis\u00edveis&#8230;"},"content":{"rendered":"<p>[ad_1]<br \/>\n<img data-recalc-dims=\"1\" decoding=\"async\" src=\"https:\/\/i0.wp.com\/pbs.twimg.com\/media\/FOABp9cXMAABNM_.jpg?w=696&#038;ssl=1\" \/><\/p>\n<p>As Bibliotecas Invis\u00edveis, por William Marx l&#8221;[&#8230;] h\u00e1 as #BibliotecasInvis\u00edveis ou imateriais. Invis\u00edveis, por v\u00e1rios motivos: porque s\u00e3o mentais, porque est\u00e3o ocultas, porque est\u00e3o perdidas, porque ainda n\u00e3o existem&#8221; \ud83c\uddeb\ud83c\uddf7via Les Cours du Coll\u00e8ge de France  <a href=\"https:\/\/www.college-de-france.fr\/site\/william-marx\/course-2020-2021.htm\" target=\"_blank\" rel=\"noopener\">college-de-france.fr\/site\/william-m\u2026<\/a> <a href=\"https:\/\/t.co\/Aday9M7qbp\" target=\"_blank\" rel=\"noopener\">https:\/\/t.co\/Aday9M7qbp<\/a><br \/>\n[ad_2]<br \/>\n<br \/>Curadoria: <a href=\"https:\/\/t.co\/qdDIov5LTC\">Projeto Informe-CI<\/a><\/p>\n","protected":false},"excerpt":{"rendered":"<p>[ad_1] As Bibliotecas Invis\u00edveis, por William Marx l&#8221;[&#8230;] h\u00e1 as #BibliotecasInvis\u00edveis ou imateriais. Invis\u00edveis, por v\u00e1rios motivos: porque s\u00e3o mentais, porque est\u00e3o ocultas, porque est\u00e3o perdidas, porque ainda n\u00e3o existem&#8221; \ud83c\uddeb\ud83c\uddf7via Les Cours du Coll\u00e8ge de France college-de-france.fr\/site\/william-m\u2026 https:\/\/t.co\/Aday9M7qbp [ad_2] Curadoria: Projeto Informe-CI<\/p>\n","protected":false},"author":1,"featured_media":14331,"comment_status":"open","ping_status":"open","sticky":false,"template":"","format":"standard","meta":{"_jetpack_memberships_contains_paid_content":false,"footnotes":"","jetpack_publicize_message":"","jetpack_publicize_feature_enabled":true,"jetpack_social_post_already_shared":true,"jetpack_social_options":{"image_generator_settings":{"template":"highway","default_image_id":0,"font":"","enabled":false},"version":2}},"categories":[21],"tags":[2984],"class_list":["post-14330","post","type-post","status-publish","format-standard","has-post-thumbnail","hentry","category-informeci","tag-bibliotecasinvisiveis"],"jetpack_publicize_connections":[],"jetpack_featured_media_url":"https:\/\/i0.wp.com\/www.pedroandretta.info\/index\/wp-content\/uploads\/2022\/03\/FOABp9cXMAABNM_.jpg?fit=1199%2C572&ssl=1","views":"","jetpack_sharing_enabled":true,"_links":{"self":[{"href":"https:\/\/www.pedroandretta.info\/index\/wp-json\/wp\/v2\/posts\/14330","targetHints":{"allow":["GET"]}}],"collection":[{"href":"https:\/\/www.pedroandretta.info\/index\/wp-json\/wp\/v2\/posts"}],"about":[{"href":"https:\/\/www.pedroandretta.info\/index\/wp-json\/wp\/v2\/types\/post"}],"author":[{"embeddable":true,"href":"https:\/\/www.pedroandretta.info\/index\/wp-json\/wp\/v2\/users\/1"}],"replies":[{"embeddable":true,"href":"https:\/\/www.pedroandretta.info\/index\/wp-json\/wp\/v2\/comments?post=14330"}],"version-history":[{"count":0,"href":"https:\/\/www.pedroandretta.info\/index\/wp-json\/wp\/v2\/posts\/14330\/revisions"}],"wp:featuredmedia":[{"embeddable":true,"href":"https:\/\/www.pedroandretta.info\/index\/wp-json\/wp\/v2\/media\/14331"}],"wp:attachment":[{"href":"https:\/\/www.pedroandretta.info\/index\/wp-json\/wp\/v2\/media?parent=14330"}],"wp:term":[{"taxonomy":"category","embeddable":true,"href":"https:\/\/www.pedroandretta.info\/index\/wp-json\/wp\/v2\/categories?post=14330"},{"taxonomy":"post_tag","embeddable":true,"href":"https:\/\/www.pedroandretta.info\/index\/wp-json\/wp\/v2\/tags?post=14330"}],"curies":[{"name":"wp","href":"https:\/\/api.w.org\/{rel}","templated":true}]}}