{"id":14793,"date":"2022-04-18T15:39:24","date_gmt":"2022-04-18T19:39:24","guid":{"rendered":"https:\/\/www.pedroandretta.info\/index\/2022\/04\/18\/personalizar-a-primeira-pagina-on-line-pode-empobrecer-o-jornalismo-l-o-profess\/"},"modified":"2022-04-18T15:39:24","modified_gmt":"2022-04-18T19:39:24","slug":"personalizar-a-primeira-pagina-on-line-pode-empobrecer-o-jornalismo-l-o-profess","status":"publish","type":"post","link":"https:\/\/www.pedroandretta.info\/index\/2022\/04\/personalizar-a-primeira-pagina-on-line-pode-empobrecer-o-jornalismo-l-o-profess\/","title":{"rendered":"Personalizar a primeira p\u00e1gina on-line pode empobrecer o jornalismo l &#8220;O profess&#8230;"},"content":{"rendered":"<p>[ad_1]<br \/>\n<img decoding=\"async\" src=\"https:\/\/i0.wp.com\/jornal.usp.br\/wp-content\/uploads\/2021\/07\/pod_colunistas_carlos_eduardo_lins.jpg?fit=1024%2C1024&amp;ssl=1\"\/><\/p>\n<p>Personalizar a primeira p\u00e1gina on-line pode empobrecer o jornalismo l &#8220;O professor Carlos Eduardo Lins da Silva comenta as novas personaliza\u00e7\u00f5es da home do jornal The New York Times.&#8221; #IA #Jornalismo via Jorna da USP <a href=\"https:\/\/jornal.usp.br\/radio-usp\/personalizar-a-primeira-pagina-online-pode-empobrecer-o-jornalismo\/\" target=\"_blank\" rel=\"noopener\">jornal.usp.br\/radio-usp\/pers\u2026<\/a><br \/>\n[ad_2]<br \/>\n<br \/>Curadoria: <a href=\"https:\/\/t.co\/qdDIov5LTC\">Projeto Informe-CI<\/a><\/p>\n","protected":false},"excerpt":{"rendered":"<p>[ad_1] Personalizar a primeira p\u00e1gina on-line pode empobrecer o jornalismo l &#8220;O professor Carlos Eduardo Lins da Silva comenta as novas personaliza\u00e7\u00f5es da home do jornal The New York Times.&#8221; #IA #Jornalismo via Jorna da USP jornal.usp.br\/radio-usp\/pers\u2026 [ad_2] Curadoria: Projeto Informe-CI<\/p>\n","protected":false},"author":1,"featured_media":14794,"comment_status":"open","ping_status":"open","sticky":false,"template":"","format":"standard","meta":{"_jetpack_memberships_contains_paid_content":false,"footnotes":"","jetpack_publicize_message":"","jetpack_publicize_feature_enabled":true,"jetpack_social_post_already_shared":true,"jetpack_social_options":{"image_generator_settings":{"template":"highway","default_image_id":0,"font":"","enabled":false},"version":2}},"categories":[21],"tags":[1994,723],"class_list":["post-14793","post","type-post","status-publish","format-standard","has-post-thumbnail","hentry","category-informeci","tag-inteligenciaartificial","tag-jornalismo"],"jetpack_publicize_connections":[],"jetpack_featured_media_url":"https:\/\/i0.wp.com\/www.pedroandretta.info\/index\/wp-content\/uploads\/2022\/04\/pod_colunistas_carlos_eduardo_lins.jpg?fit=1024%2C1024&ssl=1","views":"","jetpack_sharing_enabled":true,"_links":{"self":[{"href":"https:\/\/www.pedroandretta.info\/index\/wp-json\/wp\/v2\/posts\/14793","targetHints":{"allow":["GET"]}}],"collection":[{"href":"https:\/\/www.pedroandretta.info\/index\/wp-json\/wp\/v2\/posts"}],"about":[{"href":"https:\/\/www.pedroandretta.info\/index\/wp-json\/wp\/v2\/types\/post"}],"author":[{"embeddable":true,"href":"https:\/\/www.pedroandretta.info\/index\/wp-json\/wp\/v2\/users\/1"}],"replies":[{"embeddable":true,"href":"https:\/\/www.pedroandretta.info\/index\/wp-json\/wp\/v2\/comments?post=14793"}],"version-history":[{"count":0,"href":"https:\/\/www.pedroandretta.info\/index\/wp-json\/wp\/v2\/posts\/14793\/revisions"}],"wp:featuredmedia":[{"embeddable":true,"href":"https:\/\/www.pedroandretta.info\/index\/wp-json\/wp\/v2\/media\/14794"}],"wp:attachment":[{"href":"https:\/\/www.pedroandretta.info\/index\/wp-json\/wp\/v2\/media?parent=14793"}],"wp:term":[{"taxonomy":"category","embeddable":true,"href":"https:\/\/www.pedroandretta.info\/index\/wp-json\/wp\/v2\/categories?post=14793"},{"taxonomy":"post_tag","embeddable":true,"href":"https:\/\/www.pedroandretta.info\/index\/wp-json\/wp\/v2\/tags?post=14793"}],"curies":[{"name":"wp","href":"https:\/\/api.w.org\/{rel}","templated":true}]}}