{"id":14867,"date":"2022-04-20T22:01:38","date_gmt":"2022-04-21T02:01:38","guid":{"rendered":"https:\/\/www.pedroandretta.info\/index\/2022\/04\/20\/proposta-de-uma-politica-de-preservacao-digital-para-a-universidade-federal-da-p\/"},"modified":"2022-04-20T22:01:38","modified_gmt":"2022-04-21T02:01:38","slug":"proposta-de-uma-politica-de-preservacao-digital-para-a-universidade-federal-da-p","status":"publish","type":"post","link":"https:\/\/www.pedroandretta.info\/index\/2022\/04\/proposta-de-uma-politica-de-preservacao-digital-para-a-universidade-federal-da-p\/","title":{"rendered":"Proposta de uma pol\u00edtica de preserva\u00e7\u00e3o digital para a Universidade Federal da P&#8230;"},"content":{"rendered":"<p>[ad_1]<br \/>\n<img data-recalc-dims=\"1\" decoding=\"async\" src=\"https:\/\/i0.wp.com\/pbs.twimg.com\/media\/FQ1S__FWQAQApsy.jpg?w=696&#038;ssl=1\" \/><\/p>\n<p>Proposta de uma pol\u00edtica de preserva\u00e7\u00e3o digital para a Universidade Federal da Para\u00edba l&#8221;A preserva\u00e7\u00e3o dos objetos digitais nas institui\u00e7\u00f5es, independentemente de serem acad\u00eamicas, [&#8230;] j\u00e1 \u00e9 uma realidade que n\u00e3o pode ser negada&#8221; #Preserva\u00e7\u00e3oDigital #UFPB <a href=\"https:\/\/repositorio.ufpb.br\/jspui\/handle\/123456789\/22503\" target=\"_blank\" rel=\"noopener\">repositorio.ufpb.br\/jspui\/handle\/1\u2026<\/a> <a href=\"https:\/\/t.co\/X3foDuRxUg\" target=\"_blank\" rel=\"noopener\">https:\/\/t.co\/X3foDuRxUg<\/a><br \/>\n[ad_2]<br \/>\n<br \/>Curadoria: <a href=\"https:\/\/t.co\/qdDIov5LTC\">Projeto Informe-CI<\/a><\/p>\n","protected":false},"excerpt":{"rendered":"<p>[ad_1] Proposta de uma pol\u00edtica de preserva\u00e7\u00e3o digital para a Universidade Federal da Para\u00edba l&#8221;A preserva\u00e7\u00e3o dos objetos digitais nas institui\u00e7\u00f5es, independentemente de serem acad\u00eamicas, [&#8230;] j\u00e1 \u00e9 uma realidade que n\u00e3o pode ser negada&#8221; #Preserva\u00e7\u00e3oDigital #UFPB repositorio.ufpb.br\/jspui\/handle\/1\u2026 https:\/\/t.co\/X3foDuRxUg [ad_2] Curadoria: Projeto Informe-CI<\/p>\n","protected":false},"author":1,"featured_media":14868,"comment_status":"open","ping_status":"open","sticky":false,"template":"","format":"standard","meta":{"_jetpack_memberships_contains_paid_content":false,"footnotes":"","jetpack_publicize_message":"","jetpack_publicize_feature_enabled":true,"jetpack_social_post_already_shared":true,"jetpack_social_options":{"image_generator_settings":{"template":"highway","default_image_id":0,"font":"","enabled":false},"version":2}},"categories":[21],"tags":[296,103],"class_list":["post-14867","post","type-post","status-publish","format-standard","has-post-thumbnail","hentry","category-informeci","tag-preservacaodigital","tag-ufpb"],"jetpack_publicize_connections":[],"jetpack_featured_media_url":"https:\/\/i0.wp.com\/www.pedroandretta.info\/index\/wp-content\/uploads\/2022\/04\/FQ1S__FWQAQApsy.jpg?fit=529%2C755&ssl=1","views":"","jetpack_sharing_enabled":true,"_links":{"self":[{"href":"https:\/\/www.pedroandretta.info\/index\/wp-json\/wp\/v2\/posts\/14867","targetHints":{"allow":["GET"]}}],"collection":[{"href":"https:\/\/www.pedroandretta.info\/index\/wp-json\/wp\/v2\/posts"}],"about":[{"href":"https:\/\/www.pedroandretta.info\/index\/wp-json\/wp\/v2\/types\/post"}],"author":[{"embeddable":true,"href":"https:\/\/www.pedroandretta.info\/index\/wp-json\/wp\/v2\/users\/1"}],"replies":[{"embeddable":true,"href":"https:\/\/www.pedroandretta.info\/index\/wp-json\/wp\/v2\/comments?post=14867"}],"version-history":[{"count":0,"href":"https:\/\/www.pedroandretta.info\/index\/wp-json\/wp\/v2\/posts\/14867\/revisions"}],"wp:featuredmedia":[{"embeddable":true,"href":"https:\/\/www.pedroandretta.info\/index\/wp-json\/wp\/v2\/media\/14868"}],"wp:attachment":[{"href":"https:\/\/www.pedroandretta.info\/index\/wp-json\/wp\/v2\/media?parent=14867"}],"wp:term":[{"taxonomy":"category","embeddable":true,"href":"https:\/\/www.pedroandretta.info\/index\/wp-json\/wp\/v2\/categories?post=14867"},{"taxonomy":"post_tag","embeddable":true,"href":"https:\/\/www.pedroandretta.info\/index\/wp-json\/wp\/v2\/tags?post=14867"}],"curies":[{"name":"wp","href":"https:\/\/api.w.org\/{rel}","templated":true}]}}