{"id":14976,"date":"2022-04-27T16:12:29","date_gmt":"2022-04-27T20:12:29","guid":{"rendered":"https:\/\/www.pedroandretta.info\/index\/2022\/04\/27\/e-possivel-praticar-a-transparencia-no-jornalismo-em-sua-essencia-e-proposito-l\/"},"modified":"2022-04-27T16:12:29","modified_gmt":"2022-04-27T20:12:29","slug":"e-possivel-praticar-a-transparencia-no-jornalismo-em-sua-essencia-e-proposito-l","status":"publish","type":"post","link":"https:\/\/www.pedroandretta.info\/index\/2022\/04\/e-possivel-praticar-a-transparencia-no-jornalismo-em-sua-essencia-e-proposito-l\/","title":{"rendered":"\u00c9 poss\u00edvel praticar a transpar\u00eancia no jornalismo em sua ess\u00eancia e prop\u00f3sito? l&#8230;"},"content":{"rendered":"<p>[ad_1]<\/p>\n<p>\u00c9 poss\u00edvel praticar a transpar\u00eancia no jornalismo em sua ess\u00eancia e prop\u00f3sito? l&#8221;[&#8230;] a transpar\u00eancia ideal em uma organiza\u00e7\u00e3o noticiosa ser\u00e1 aquela cujo desempenho transparente \u00e9 reconhecido e aceito pelo p\u00fablico&#8221; #Jornalismo via Observat\u00f3rio de Imprensa <a href=\"https:\/\/www.observatoriodaimprensa.com.br\/desafios-do-jornalismo\/e-possivel-praticar-a-transparencia-no-jornalismo-em-sua-essencia-e-proposito\/\" target=\"_blank\" rel=\"noopener\">observatoriodaimprensa.com.br\/desafios-do-jo\u2026<\/a><br \/>\n[ad_2]<br \/>\n<br \/>Curadoria: <a href=\"https:\/\/t.co\/qdDIov5LTC\">Projeto Informe-CI<\/a><\/p>\n","protected":false},"excerpt":{"rendered":"<p>[ad_1] \u00c9 poss\u00edvel praticar a transpar\u00eancia no jornalismo em sua ess\u00eancia e prop\u00f3sito? l&#8221;[&#8230;] a transpar\u00eancia ideal em uma organiza\u00e7\u00e3o noticiosa ser\u00e1 aquela cujo desempenho transparente \u00e9 reconhecido e aceito pelo p\u00fablico&#8221; #Jornalismo via Observat\u00f3rio de Imprensa observatoriodaimprensa.com.br\/desafios-do-jo\u2026 [ad_2] Curadoria: Projeto Informe-CI<\/p>\n","protected":false},"author":1,"featured_media":0,"comment_status":"open","ping_status":"open","sticky":false,"template":"","format":"standard","meta":{"_jetpack_memberships_contains_paid_content":false,"footnotes":"","jetpack_publicize_message":"","jetpack_publicize_feature_enabled":true,"jetpack_social_post_already_shared":true,"jetpack_social_options":{"image_generator_settings":{"template":"highway","default_image_id":0,"font":"","enabled":false},"version":2}},"categories":[21],"tags":[723],"class_list":["post-14976","post","type-post","status-publish","format-standard","hentry","category-informeci","tag-jornalismo"],"jetpack_publicize_connections":[],"jetpack_featured_media_url":"","views":"","jetpack_sharing_enabled":true,"_links":{"self":[{"href":"https:\/\/www.pedroandretta.info\/index\/wp-json\/wp\/v2\/posts\/14976","targetHints":{"allow":["GET"]}}],"collection":[{"href":"https:\/\/www.pedroandretta.info\/index\/wp-json\/wp\/v2\/posts"}],"about":[{"href":"https:\/\/www.pedroandretta.info\/index\/wp-json\/wp\/v2\/types\/post"}],"author":[{"embeddable":true,"href":"https:\/\/www.pedroandretta.info\/index\/wp-json\/wp\/v2\/users\/1"}],"replies":[{"embeddable":true,"href":"https:\/\/www.pedroandretta.info\/index\/wp-json\/wp\/v2\/comments?post=14976"}],"version-history":[{"count":0,"href":"https:\/\/www.pedroandretta.info\/index\/wp-json\/wp\/v2\/posts\/14976\/revisions"}],"wp:attachment":[{"href":"https:\/\/www.pedroandretta.info\/index\/wp-json\/wp\/v2\/media?parent=14976"}],"wp:term":[{"taxonomy":"category","embeddable":true,"href":"https:\/\/www.pedroandretta.info\/index\/wp-json\/wp\/v2\/categories?post=14976"},{"taxonomy":"post_tag","embeddable":true,"href":"https:\/\/www.pedroandretta.info\/index\/wp-json\/wp\/v2\/tags?post=14976"}],"curies":[{"name":"wp","href":"https:\/\/api.w.org\/{rel}","templated":true}]}}