{"id":15011,"date":"2022-05-02T01:37:42","date_gmt":"2022-05-02T05:37:42","guid":{"rendered":"https:\/\/www.pedroandretta.info\/index\/2022\/05\/02\/formacao-e-desenvolvimento-de-colecoes-competencias-profissionais-do-biblioteca\/"},"modified":"2022-05-02T01:37:42","modified_gmt":"2022-05-02T05:37:42","slug":"formacao-e-desenvolvimento-de-colecoes-competencias-profissionais-do-biblioteca","status":"publish","type":"post","link":"https:\/\/www.pedroandretta.info\/index\/2022\/05\/formacao-e-desenvolvimento-de-colecoes-competencias-profissionais-do-biblioteca\/","title":{"rendered":"Forma\u00e7\u00e3o e desenvolvimento de cole\u00e7\u00f5es: compet\u00eancias profissionais do bibliotec\u00e1&#8230;"},"content":{"rendered":"<p>[ad_1]<br \/>\n<img data-recalc-dims=\"1\" decoding=\"async\" src=\"https:\/\/i0.wp.com\/pbs.twimg.com\/media\/FRutQoRXMAA7pq3.jpg?w=696&#038;ssl=1\" \/><\/p>\n<p>Forma\u00e7\u00e3o e desenvolvimento de cole\u00e7\u00f5es: compet\u00eancias profissionais do bibliotec\u00e1rio l&#8221;[&#8230;] a ALA (2016) aponta o  pensamento  cr\u00edtico  como  uma  das  quatorze  das  compet\u00eancias  inerentes  aos  gestores  de bibliotecas&#8221; #Compet\u00eancias #Forma\u00e7\u00e3oDeCole\u00e7\u00f5es <a href=\"https:\/\/periodicos.ufpb.br\/ojs\/index.php\/pgc\/article\/view\/60272\" target=\"_blank\" rel=\"noopener\">periodicos.ufpb.br\/ojs\/index.php\/\u2026<\/a> <a href=\"https:\/\/t.co\/WcRIcIXjv7\" target=\"_blank\" rel=\"noopener\">https:\/\/t.co\/WcRIcIXjv7<\/a><br \/>\n[ad_2]<br \/>\n<br \/>Curadoria: <a href=\"https:\/\/t.co\/qdDIov5LTC\">Projeto Informe-CI<\/a><\/p>\n","protected":false},"excerpt":{"rendered":"<p>[ad_1] Forma\u00e7\u00e3o e desenvolvimento de cole\u00e7\u00f5es: compet\u00eancias profissionais do bibliotec\u00e1rio l&#8221;[&#8230;] a ALA (2016) aponta o pensamento cr\u00edtico como uma das quatorze das compet\u00eancias inerentes aos gestores de bibliotecas&#8221; #Compet\u00eancias #Forma\u00e7\u00e3oDeCole\u00e7\u00f5es periodicos.ufpb.br\/ojs\/index.php\/\u2026 https:\/\/t.co\/WcRIcIXjv7 [ad_2] Curadoria: Projeto Informe-CI<\/p>\n","protected":false},"author":1,"featured_media":15012,"comment_status":"open","ping_status":"open","sticky":false,"template":"","format":"standard","meta":{"_jetpack_newsletter_access":"","_jetpack_dont_email_post_to_subs":false,"_jetpack_newsletter_tier_id":0,"_jetpack_memberships_contains_paywalled_content":false,"_jetpack_feature_clip_id":0,"_jetpack_memberships_contains_paid_content":false,"footnotes":"","jetpack_publicize_message":"","jetpack_publicize_feature_enabled":true,"jetpack_social_post_already_shared":true,"jetpack_social_options":{"image_generator_settings":{"template":"highway","default_image_id":0,"font":"","enabled":false},"version":2},"jetpack_post_was_ever_published":false},"categories":[21],"tags":[1300,51],"class_list":["post-15011","post","type-post","status-publish","format-standard","has-post-thumbnail","hentry","category-informeci","tag-competencia","tag-formacaodecolecoes"],"jetpack_publicize_connections":[],"jetpack_featured_media_url":"https:\/\/i0.wp.com\/www.pedroandretta.info\/index\/wp-content\/uploads\/2022\/05\/FRutQoRXMAA7pq3.jpg?fit=465%2C747&ssl=1","views":"","jetpack_sharing_enabled":true,"_links":{"self":[{"href":"https:\/\/www.pedroandretta.info\/index\/wp-json\/wp\/v2\/posts\/15011","targetHints":{"allow":["GET"]}}],"collection":[{"href":"https:\/\/www.pedroandretta.info\/index\/wp-json\/wp\/v2\/posts"}],"about":[{"href":"https:\/\/www.pedroandretta.info\/index\/wp-json\/wp\/v2\/types\/post"}],"author":[{"embeddable":true,"href":"https:\/\/www.pedroandretta.info\/index\/wp-json\/wp\/v2\/users\/1"}],"replies":[{"embeddable":true,"href":"https:\/\/www.pedroandretta.info\/index\/wp-json\/wp\/v2\/comments?post=15011"}],"version-history":[{"count":0,"href":"https:\/\/www.pedroandretta.info\/index\/wp-json\/wp\/v2\/posts\/15011\/revisions"}],"wp:featuredmedia":[{"embeddable":true,"href":"https:\/\/www.pedroandretta.info\/index\/wp-json\/wp\/v2\/media\/15012"}],"wp:attachment":[{"href":"https:\/\/www.pedroandretta.info\/index\/wp-json\/wp\/v2\/media?parent=15011"}],"wp:term":[{"taxonomy":"category","embeddable":true,"href":"https:\/\/www.pedroandretta.info\/index\/wp-json\/wp\/v2\/categories?post=15011"},{"taxonomy":"post_tag","embeddable":true,"href":"https:\/\/www.pedroandretta.info\/index\/wp-json\/wp\/v2\/tags?post=15011"}],"curies":[{"name":"wp","href":"https:\/\/api.w.org\/{rel}","templated":true}]}}