{"id":15139,"date":"2022-05-14T14:28:35","date_gmt":"2022-05-14T18:28:35","guid":{"rendered":"https:\/\/www.pedroandretta.info\/index\/2022\/05\/14\/a-biblioteca-publica-cora-coralina-como-espaco-parao-empoderamento-da-mulher-ne\/"},"modified":"2022-05-14T14:28:35","modified_gmt":"2022-05-14T18:28:35","slug":"a-biblioteca-publica-cora-coralina-como-espaco-parao-empoderamento-da-mulher-ne","status":"publish","type":"post","link":"https:\/\/www.pedroandretta.info\/index\/2022\/05\/a-biblioteca-publica-cora-coralina-como-espaco-parao-empoderamento-da-mulher-ne\/","title":{"rendered":"A Biblioteca P\u00fablica Cora Coralina como espa\u00e7o para\no empoderamento da mulher ne&#8230;"},"content":{"rendered":"<p>[ad_1]<br \/>\n<img data-recalc-dims=\"1\" decoding=\"async\" src=\"https:\/\/i0.wp.com\/pbs.twimg.com\/media\/FSvQxhAWQAEs4db.jpg?w=696&#038;ssl=1\" \/><\/p>\n<p>A Biblioteca P\u00fablica Cora Coralina como espa\u00e7o para<br \/>\no empoderamento da mulher negra em atendimento<br \/>\naos Objetivos do Desenvolvimento Sustent\u00e1vel l A\u00e7\u00f5es das bibliotecas atingem aos ODS 5, 10  e 16! #BibliotecasP\u00fablicas #BiblioteconomiaSocial  #Agenda2030 <a href=\"https:\/\/rbbd.febab.org.br\/rbbd\/article\/view\/1581\" target=\"_blank\" rel=\"noopener\">rbbd.febab.org.br\/rbbd\/article\/v\u2026<\/a> <a href=\"https:\/\/t.co\/JB8peqgXfh\" target=\"_blank\" rel=\"noopener\">https:\/\/t.co\/JB8peqgXfh<\/a><br \/>\n[ad_2]<br \/>\n<br \/>Curadoria: <a href=\"https:\/\/t.co\/qdDIov5LTC\">Projeto Informe-CI<\/a><\/p>\n","protected":false},"excerpt":{"rendered":"<p>[ad_1] A Biblioteca P\u00fablica Cora Coralina como espa\u00e7o para o empoderamento da mulher negra em atendimento aos Objetivos do Desenvolvimento Sustent\u00e1vel l A\u00e7\u00f5es das bibliotecas atingem aos ODS 5, 10 e 16! #BibliotecasP\u00fablicas #BiblioteconomiaSocial #Agenda2030 rbbd.febab.org.br\/rbbd\/article\/v\u2026 https:\/\/t.co\/JB8peqgXfh [ad_2] Curadoria: Projeto Informe-CI<\/p>\n","protected":false},"author":1,"featured_media":15140,"comment_status":"open","ping_status":"open","sticky":false,"template":"","format":"standard","meta":{"_jetpack_newsletter_access":"","_jetpack_dont_email_post_to_subs":false,"_jetpack_newsletter_tier_id":0,"_jetpack_memberships_contains_paywalled_content":false,"_jetpack_feature_clip_id":0,"_jetpack_memberships_contains_paid_content":false,"footnotes":"","jetpack_publicize_message":"","jetpack_publicize_feature_enabled":true,"jetpack_social_post_already_shared":true,"jetpack_social_options":{"image_generator_settings":{"template":"highway","default_image_id":0,"font":"","enabled":false},"version":2},"jetpack_post_was_ever_published":false},"categories":[21],"tags":[638,39,359],"class_list":["post-15139","post","type-post","status-publish","format-standard","has-post-thumbnail","hentry","category-informeci","tag-agenda2030","tag-bibliotecaspublicas","tag-biblioteconomiasocial"],"jetpack_publicize_connections":[],"jetpack_featured_media_url":"https:\/\/i0.wp.com\/www.pedroandretta.info\/index\/wp-content\/uploads\/2022\/05\/FSvQxhAWQAEs4db.jpg?fit=485%2C752&ssl=1","views":"","jetpack_sharing_enabled":true,"_links":{"self":[{"href":"https:\/\/www.pedroandretta.info\/index\/wp-json\/wp\/v2\/posts\/15139","targetHints":{"allow":["GET"]}}],"collection":[{"href":"https:\/\/www.pedroandretta.info\/index\/wp-json\/wp\/v2\/posts"}],"about":[{"href":"https:\/\/www.pedroandretta.info\/index\/wp-json\/wp\/v2\/types\/post"}],"author":[{"embeddable":true,"href":"https:\/\/www.pedroandretta.info\/index\/wp-json\/wp\/v2\/users\/1"}],"replies":[{"embeddable":true,"href":"https:\/\/www.pedroandretta.info\/index\/wp-json\/wp\/v2\/comments?post=15139"}],"version-history":[{"count":0,"href":"https:\/\/www.pedroandretta.info\/index\/wp-json\/wp\/v2\/posts\/15139\/revisions"}],"wp:featuredmedia":[{"embeddable":true,"href":"https:\/\/www.pedroandretta.info\/index\/wp-json\/wp\/v2\/media\/15140"}],"wp:attachment":[{"href":"https:\/\/www.pedroandretta.info\/index\/wp-json\/wp\/v2\/media?parent=15139"}],"wp:term":[{"taxonomy":"category","embeddable":true,"href":"https:\/\/www.pedroandretta.info\/index\/wp-json\/wp\/v2\/categories?post=15139"},{"taxonomy":"post_tag","embeddable":true,"href":"https:\/\/www.pedroandretta.info\/index\/wp-json\/wp\/v2\/tags?post=15139"}],"curies":[{"name":"wp","href":"https:\/\/api.w.org\/{rel}","templated":true}]}}