{"id":15185,"date":"2022-05-18T17:33:52","date_gmt":"2022-05-18T21:33:52","guid":{"rendered":"https:\/\/www.pedroandretta.info\/index\/2022\/05\/18\/politica-de-acervos-do-museu-da-diversidade-sexual-l-a-elaboracao-de-uma\/"},"modified":"2022-05-18T17:33:52","modified_gmt":"2022-05-18T21:33:52","slug":"politica-de-acervos-do-museu-da-diversidade-sexual-l-a-elaboracao-de-uma","status":"publish","type":"post","link":"https:\/\/www.pedroandretta.info\/index\/2022\/05\/politica-de-acervos-do-museu-da-diversidade-sexual-l-a-elaboracao-de-uma\/","title":{"rendered":"Pol\u00edtica de acervos do museu da diversidade sexual l \u201c[&#8230;] a elabora\u00e7\u00e3o de uma &#8230;"},"content":{"rendered":"<p>[ad_1]<br \/>\n<img data-recalc-dims=\"1\" decoding=\"async\" src=\"https:\/\/i0.wp.com\/pbs.twimg.com\/media\/FTEimOVWYAIaQAM.jpg?w=696&#038;ssl=1\" \/><\/p>\n<p>Pol\u00edtica de acervos do museu da diversidade sexual l \u201c[&#8230;] a elabora\u00e7\u00e3o de uma pol\u00edtica de acervos est\u00e1 intimamente relacionada ao cumprimento da fun\u00e7\u00e3o social do museu [&#8230;]\u201d #Pol\u00edticaDeAcervosMuseol\u00f3gicos #MuseologiaAdjetivada #MuseuDaDiversidadeSexual  <a href=\"https:\/\/periodicos.unb.br\/index.php\/museologia\/article\/view\/41431\" target=\"_blank\" rel=\"noopener\">periodicos.unb.br\/index.php\/muse\u2026<\/a> <a href=\"https:\/\/t.co\/CmovuPEO7N\" target=\"_blank\" rel=\"noopener\">https:\/\/t.co\/CmovuPEO7N<\/a><br \/>\n[ad_2]<br \/>\n<br \/>Curadoria: <a href=\"https:\/\/t.co\/qdDIov5LTC\">Projeto Informe-CI<\/a><\/p>\n","protected":false},"excerpt":{"rendered":"<p>[ad_1] Pol\u00edtica de acervos do museu da diversidade sexual l \u201c[&#8230;] a elabora\u00e7\u00e3o de uma pol\u00edtica de acervos est\u00e1 intimamente relacionada ao cumprimento da fun\u00e7\u00e3o social do museu [&#8230;]\u201d #Pol\u00edticaDeAcervosMuseol\u00f3gicos #MuseologiaAdjetivada #MuseuDaDiversidadeSexual periodicos.unb.br\/index.php\/muse\u2026 https:\/\/t.co\/CmovuPEO7N [ad_2] Curadoria: Projeto Informe-CI<\/p>\n","protected":false},"author":1,"featured_media":15186,"comment_status":"open","ping_status":"open","sticky":false,"template":"","format":"standard","meta":{"_jetpack_memberships_contains_paid_content":false,"footnotes":"","jetpack_publicize_message":"","jetpack_publicize_feature_enabled":true,"jetpack_social_post_already_shared":true,"jetpack_social_options":{"image_generator_settings":{"template":"highway","default_image_id":0,"font":"","enabled":false},"version":2}},"categories":[21],"tags":[3076,3077,3075],"class_list":["post-15185","post","type-post","status-publish","format-standard","has-post-thumbnail","hentry","category-informeci","tag-museologiaadjetivada","tag-museudadiversidadesexual","tag-politicadeacervosmuseologicos"],"jetpack_publicize_connections":[],"jetpack_featured_media_url":"https:\/\/i0.wp.com\/www.pedroandretta.info\/index\/wp-content\/uploads\/2022\/05\/FTEimOVWYAIaQAM.jpg?fit=591%2C1021&ssl=1","views":"","jetpack_sharing_enabled":true,"_links":{"self":[{"href":"https:\/\/www.pedroandretta.info\/index\/wp-json\/wp\/v2\/posts\/15185","targetHints":{"allow":["GET"]}}],"collection":[{"href":"https:\/\/www.pedroandretta.info\/index\/wp-json\/wp\/v2\/posts"}],"about":[{"href":"https:\/\/www.pedroandretta.info\/index\/wp-json\/wp\/v2\/types\/post"}],"author":[{"embeddable":true,"href":"https:\/\/www.pedroandretta.info\/index\/wp-json\/wp\/v2\/users\/1"}],"replies":[{"embeddable":true,"href":"https:\/\/www.pedroandretta.info\/index\/wp-json\/wp\/v2\/comments?post=15185"}],"version-history":[{"count":0,"href":"https:\/\/www.pedroandretta.info\/index\/wp-json\/wp\/v2\/posts\/15185\/revisions"}],"wp:featuredmedia":[{"embeddable":true,"href":"https:\/\/www.pedroandretta.info\/index\/wp-json\/wp\/v2\/media\/15186"}],"wp:attachment":[{"href":"https:\/\/www.pedroandretta.info\/index\/wp-json\/wp\/v2\/media?parent=15185"}],"wp:term":[{"taxonomy":"category","embeddable":true,"href":"https:\/\/www.pedroandretta.info\/index\/wp-json\/wp\/v2\/categories?post=15185"},{"taxonomy":"post_tag","embeddable":true,"href":"https:\/\/www.pedroandretta.info\/index\/wp-json\/wp\/v2\/tags?post=15185"}],"curies":[{"name":"wp","href":"https:\/\/api.w.org\/{rel}","templated":true}]}}