{"id":15379,"date":"2022-05-30T21:23:59","date_gmt":"2022-05-31T01:23:59","guid":{"rendered":"https:\/\/www.pedroandretta.info\/index\/2022\/05\/30\/universidades-federais-perdem-em-10-anos-73-da-verba-para-laboratorios-fazer\/"},"modified":"2022-05-30T21:23:59","modified_gmt":"2022-05-31T01:23:59","slug":"universidades-federais-perdem-em-10-anos-73-da-verba-para-laboratorios-fazer","status":"publish","type":"post","link":"https:\/\/www.pedroandretta.info\/index\/2022\/05\/universidades-federais-perdem-em-10-anos-73-da-verba-para-laboratorios-fazer\/","title":{"rendered":"Universidades federais perdem, em 10 anos, 73% da verba para laborat\u00f3rios, fazer&#8230;"},"content":{"rendered":"<p>[ad_1]<br \/>\n<img data-recalc-dims=\"1\" decoding=\"async\" src=\"https:\/\/i0.wp.com\/s2.glbimg.com\/JPq01ecHY65P82v_IBBbhGrKVCw%3D\/1200x\/smart\/filters%3Acover%28%29%3Astrip_icc%28%29\/i.s3.glbimg.com\/v1\/AUTH_59edd422c0c84a879bd37670ae4f538a\/internal_photos\/bs\/2020\/q\/C\/VfpY94SfAjSgxPsvjtHw\/investimento.png?w=696&#038;ssl=1\"\/><\/p>\n<p>Universidades federais perdem, em 10 anos, 73% da verba para laborat\u00f3rios, fazer obras e trocar computadores l \u201cAs pesquisas cient\u00edficas tamb\u00e9m sentem o baque: faltam condi\u00e7\u00f5es para conduzir estudos de relev\u00e2ncia [&#8230;]\u201d #UniversidadesP\u00fablicas via G1 <a href=\"https:\/\/g1.globo.com\/educacao\/noticia\/2020\/08\/23\/universidades-federais-perdem-em-10-anos-73percent-da-verba-para-construir-laboratorios-fazer-obras-e-trocar-computadores.ghtml\" target=\"_blank\" rel=\"noopener\">g1.globo.com\/educacao\/notic\u2026<\/a><br \/>\n[ad_2]<br \/>\n<br \/>Curadoria: <a href=\"https:\/\/t.co\/qdDIov5LTC\">Projeto Informe-CI<\/a><\/p>\n","protected":false},"excerpt":{"rendered":"<p>[ad_1] Universidades federais perdem, em 10 anos, 73% da verba para laborat\u00f3rios, fazer obras e trocar computadores l \u201cAs pesquisas cient\u00edficas tamb\u00e9m sentem o baque: faltam condi\u00e7\u00f5es para conduzir estudos de relev\u00e2ncia [&#8230;]\u201d #UniversidadesP\u00fablicas via G1 g1.globo.com\/educacao\/notic\u2026 [ad_2] Curadoria: Projeto Informe-CI<\/p>\n","protected":false},"author":1,"featured_media":15380,"comment_status":"open","ping_status":"open","sticky":false,"template":"","format":"standard","meta":{"_jetpack_memberships_contains_paid_content":false,"footnotes":"","jetpack_publicize_message":"","jetpack_publicize_feature_enabled":true,"jetpack_social_post_already_shared":true,"jetpack_social_options":{"image_generator_settings":{"template":"highway","default_image_id":0,"font":"","enabled":false},"version":2}},"categories":[21],"tags":[819],"class_list":["post-15379","post","type-post","status-publish","format-standard","has-post-thumbnail","hentry","category-informeci","tag-universidadespublicas"],"jetpack_publicize_connections":[],"jetpack_featured_media_url":"https:\/\/i0.wp.com\/www.pedroandretta.info\/index\/wp-content\/uploads\/2022\/05\/investimento.png?fit=1200%2C2010&ssl=1","views":"","jetpack_sharing_enabled":true,"_links":{"self":[{"href":"https:\/\/www.pedroandretta.info\/index\/wp-json\/wp\/v2\/posts\/15379","targetHints":{"allow":["GET"]}}],"collection":[{"href":"https:\/\/www.pedroandretta.info\/index\/wp-json\/wp\/v2\/posts"}],"about":[{"href":"https:\/\/www.pedroandretta.info\/index\/wp-json\/wp\/v2\/types\/post"}],"author":[{"embeddable":true,"href":"https:\/\/www.pedroandretta.info\/index\/wp-json\/wp\/v2\/users\/1"}],"replies":[{"embeddable":true,"href":"https:\/\/www.pedroandretta.info\/index\/wp-json\/wp\/v2\/comments?post=15379"}],"version-history":[{"count":0,"href":"https:\/\/www.pedroandretta.info\/index\/wp-json\/wp\/v2\/posts\/15379\/revisions"}],"wp:featuredmedia":[{"embeddable":true,"href":"https:\/\/www.pedroandretta.info\/index\/wp-json\/wp\/v2\/media\/15380"}],"wp:attachment":[{"href":"https:\/\/www.pedroandretta.info\/index\/wp-json\/wp\/v2\/media?parent=15379"}],"wp:term":[{"taxonomy":"category","embeddable":true,"href":"https:\/\/www.pedroandretta.info\/index\/wp-json\/wp\/v2\/categories?post=15379"},{"taxonomy":"post_tag","embeddable":true,"href":"https:\/\/www.pedroandretta.info\/index\/wp-json\/wp\/v2\/tags?post=15379"}],"curies":[{"name":"wp","href":"https:\/\/api.w.org\/{rel}","templated":true}]}}