{"id":15411,"date":"2022-06-02T17:43:49","date_gmt":"2022-06-02T21:43:49","guid":{"rendered":"https:\/\/www.pedroandretta.info\/index\/2022\/06\/02\/bolsonaro-veta-projeto-que-muda-o-dia-do-indio-para-dia-dos-povos-indigenas\/"},"modified":"2022-06-02T17:43:49","modified_gmt":"2022-06-02T21:43:49","slug":"bolsonaro-veta-projeto-que-muda-o-dia-do-indio-para-dia-dos-povos-indigenas","status":"publish","type":"post","link":"https:\/\/www.pedroandretta.info\/index\/2022\/06\/bolsonaro-veta-projeto-que-muda-o-dia-do-indio-para-dia-dos-povos-indigenas\/","title":{"rendered":"Bolsonaro veta projeto que muda o &#8216;Dia do \u00cdndio&#8217; para &#8216;Dia dos Povos Ind\u00edgenas&#8217; &#8230;"},"content":{"rendered":"<p>[ad_1]<br \/>\n<img data-recalc-dims=\"1\" decoding=\"async\" src=\"https:\/\/i0.wp.com\/s2.glbimg.com\/hz2Apxsa3gpER25PQ9rj0P4jccE%3D\/1200x\/smart\/filters%3Acover%28%29%3Astrip_icc%28%29\/i.s3.glbimg.com\/v1\/AUTH_59edd422c0c84a879bd37670ae4f538a\/internal_photos\/bs\/2022\/1\/c\/6CxGYNRYuahBufEgguAg\/51946069733-20ef4dab60-c.jpg?w=696&#038;ssl=1\"\/><\/p>\n<p>Bolsonaro veta projeto que muda o &#8216;Dia do \u00cdndio&#8217; para &#8216;Dia dos Povos Ind\u00edgenas&#8217; l \u201cSegundo Bolsonaro, \u2019n\u00e3o h\u00e1 interesse p\u00fablico na altera\u00e7\u00e3o\u2019. A mudan\u00e7a [&#8230;] \u00e9 uma reivindica\u00e7\u00e3o dos #PovosInd\u00edgenas, que consideram o termo &#8220;\u00edndio&#8221; pejorativo.\u201d\ud83d\ude44 via G1 <a href=\"https:\/\/g1.globo.com\/politica\/noticia\/2022\/06\/02\/bolsonaro-veta-projeto-que-muda-o-dia-do-indio-para-o-dia-dos-povos-indigenas.ghtml\" target=\"_blank\" rel=\"noopener\">g1.globo.com\/politica\/notic\u2026<\/a><br \/>\n[ad_2]<br \/>\n<br \/>Curadoria: <a href=\"https:\/\/t.co\/qdDIov5LTC\">Projeto Informe-CI<\/a><\/p>\n","protected":false},"excerpt":{"rendered":"<p>[ad_1] Bolsonaro veta projeto que muda o &#8216;Dia do \u00cdndio&#8217; para &#8216;Dia dos Povos Ind\u00edgenas&#8217; l \u201cSegundo Bolsonaro, \u2019n\u00e3o h\u00e1 interesse p\u00fablico na altera\u00e7\u00e3o\u2019. A mudan\u00e7a [&#8230;] \u00e9 uma reivindica\u00e7\u00e3o dos #PovosInd\u00edgenas, que consideram o termo &#8220;\u00edndio&#8221; pejorativo.\u201d\ud83d\ude44 via G1 g1.globo.com\/politica\/notic\u2026 [ad_2] Curadoria: Projeto Informe-CI<\/p>\n","protected":false},"author":1,"featured_media":15412,"comment_status":"open","ping_status":"open","sticky":false,"template":"","format":"standard","meta":{"_jetpack_memberships_contains_paid_content":false,"footnotes":"","jetpack_publicize_message":"","jetpack_publicize_feature_enabled":true,"jetpack_social_post_already_shared":true,"jetpack_social_options":{"image_generator_settings":{"template":"highway","default_image_id":0,"font":"","enabled":false},"version":2}},"categories":[21],"tags":[2700],"class_list":["post-15411","post","type-post","status-publish","format-standard","has-post-thumbnail","hentry","category-informeci","tag-povosindigenas"],"jetpack_publicize_connections":[],"jetpack_featured_media_url":"https:\/\/i0.wp.com\/www.pedroandretta.info\/index\/wp-content\/uploads\/2022\/06\/51946069733-20ef4dab60-c.jpg?fit=1200%2C801&ssl=1","views":"","jetpack_sharing_enabled":true,"_links":{"self":[{"href":"https:\/\/www.pedroandretta.info\/index\/wp-json\/wp\/v2\/posts\/15411","targetHints":{"allow":["GET"]}}],"collection":[{"href":"https:\/\/www.pedroandretta.info\/index\/wp-json\/wp\/v2\/posts"}],"about":[{"href":"https:\/\/www.pedroandretta.info\/index\/wp-json\/wp\/v2\/types\/post"}],"author":[{"embeddable":true,"href":"https:\/\/www.pedroandretta.info\/index\/wp-json\/wp\/v2\/users\/1"}],"replies":[{"embeddable":true,"href":"https:\/\/www.pedroandretta.info\/index\/wp-json\/wp\/v2\/comments?post=15411"}],"version-history":[{"count":0,"href":"https:\/\/www.pedroandretta.info\/index\/wp-json\/wp\/v2\/posts\/15411\/revisions"}],"wp:featuredmedia":[{"embeddable":true,"href":"https:\/\/www.pedroandretta.info\/index\/wp-json\/wp\/v2\/media\/15412"}],"wp:attachment":[{"href":"https:\/\/www.pedroandretta.info\/index\/wp-json\/wp\/v2\/media?parent=15411"}],"wp:term":[{"taxonomy":"category","embeddable":true,"href":"https:\/\/www.pedroandretta.info\/index\/wp-json\/wp\/v2\/categories?post=15411"},{"taxonomy":"post_tag","embeddable":true,"href":"https:\/\/www.pedroandretta.info\/index\/wp-json\/wp\/v2\/tags?post=15411"}],"curies":[{"name":"wp","href":"https:\/\/api.w.org\/{rel}","templated":true}]}}