{"id":15428,"date":"2022-06-04T15:07:51","date_gmt":"2022-06-04T19:07:51","guid":{"rendered":"https:\/\/www.pedroandretta.info\/index\/2022\/06\/04\/aos-78-anos-morre-o-critico-de-arte-e-ex-diretor-do-masp-teixeira-coelho-tei\/"},"modified":"2022-06-04T15:07:51","modified_gmt":"2022-06-04T19:07:51","slug":"aos-78-anos-morre-o-critico-de-arte-e-ex-diretor-do-masp-teixeira-coelho-tei","status":"publish","type":"post","link":"https:\/\/www.pedroandretta.info\/index\/2022\/06\/aos-78-anos-morre-o-critico-de-arte-e-ex-diretor-do-masp-teixeira-coelho-tei\/","title":{"rendered":"Aos 78 anos, morre o cr\u00edtico de arte e ex-diretor do Masp Teixeira Coelho | \u201cTei&#8230;"},"content":{"rendered":"<p>[ad_1]<br \/>\n<img data-recalc-dims=\"1\" decoding=\"async\" src=\"https:\/\/i0.wp.com\/s2.glbimg.com\/JSppAK5-Swx2R_b8trmsS592PHQ%3D\/1200x\/smart\/filters%3Acover%28%29%3Astrip_icc%28%29\/i.s3.glbimg.com\/v1\/AUTH_59edd422c0c84a879bd37670ae4f538a\/internal_photos\/bs\/2022\/w\/1\/szOwzKQ8ioGUBial0DtQ\/teixeira-coelho-divulgacao.jpg?w=696&#038;ssl=1\"\/><\/p>\n<p>Aos 78 anos, morre o cr\u00edtico de arte e ex-diretor do Masp Teixeira Coelho | \u201cTeixeira Coelho tamb\u00e9m criou o primeiro observat\u00f3rio de pol\u00edticas culturais do Brasil, quando ocupava o cargo de professor da Universidade de S\u00e3o Paulo.\u201d #RIP via G1 <a href=\"https:\/\/g1.globo.com\/sp\/sao-paulo\/noticia\/2022\/06\/04\/aos-78-anos-morre-o-critico-de-arte-e-ex-diretor-do-masp-teixeira-coelho.ghtml\" target=\"_blank\" rel=\"noopener\">g1.globo.com\/sp\/sao-paulo\/n\u2026<\/a><br \/>\n[ad_2]<br \/>\n<br \/>Curadoria: <a href=\"https:\/\/t.co\/qdDIov5LTC\">Projeto Informe-CI<\/a><\/p>\n","protected":false},"excerpt":{"rendered":"<p>[ad_1] Aos 78 anos, morre o cr\u00edtico de arte e ex-diretor do Masp Teixeira Coelho | \u201cTeixeira Coelho tamb\u00e9m criou o primeiro observat\u00f3rio de pol\u00edticas culturais do Brasil, quando ocupava o cargo de professor da Universidade de S\u00e3o Paulo.\u201d #RIP via G1 g1.globo.com\/sp\/sao-paulo\/n\u2026 [ad_2] Curadoria: Projeto Informe-CI<\/p>\n","protected":false},"author":1,"featured_media":15429,"comment_status":"open","ping_status":"open","sticky":false,"template":"","format":"standard","meta":{"_jetpack_memberships_contains_paid_content":false,"footnotes":"","jetpack_publicize_message":"","jetpack_publicize_feature_enabled":true,"jetpack_social_post_already_shared":true,"jetpack_social_options":{"image_generator_settings":{"template":"highway","default_image_id":0,"font":"","enabled":false},"version":2}},"categories":[21],"tags":[2844],"class_list":["post-15428","post","type-post","status-publish","format-standard","has-post-thumbnail","hentry","category-informeci","tag-rip"],"jetpack_publicize_connections":[],"jetpack_featured_media_url":"https:\/\/i0.wp.com\/www.pedroandretta.info\/index\/wp-content\/uploads\/2022\/06\/teixeira-coelho-divulgacao.jpg?fit=1200%2C797&ssl=1","views":"","jetpack_sharing_enabled":true,"_links":{"self":[{"href":"https:\/\/www.pedroandretta.info\/index\/wp-json\/wp\/v2\/posts\/15428","targetHints":{"allow":["GET"]}}],"collection":[{"href":"https:\/\/www.pedroandretta.info\/index\/wp-json\/wp\/v2\/posts"}],"about":[{"href":"https:\/\/www.pedroandretta.info\/index\/wp-json\/wp\/v2\/types\/post"}],"author":[{"embeddable":true,"href":"https:\/\/www.pedroandretta.info\/index\/wp-json\/wp\/v2\/users\/1"}],"replies":[{"embeddable":true,"href":"https:\/\/www.pedroandretta.info\/index\/wp-json\/wp\/v2\/comments?post=15428"}],"version-history":[{"count":0,"href":"https:\/\/www.pedroandretta.info\/index\/wp-json\/wp\/v2\/posts\/15428\/revisions"}],"wp:featuredmedia":[{"embeddable":true,"href":"https:\/\/www.pedroandretta.info\/index\/wp-json\/wp\/v2\/media\/15429"}],"wp:attachment":[{"href":"https:\/\/www.pedroandretta.info\/index\/wp-json\/wp\/v2\/media?parent=15428"}],"wp:term":[{"taxonomy":"category","embeddable":true,"href":"https:\/\/www.pedroandretta.info\/index\/wp-json\/wp\/v2\/categories?post=15428"},{"taxonomy":"post_tag","embeddable":true,"href":"https:\/\/www.pedroandretta.info\/index\/wp-json\/wp\/v2\/tags?post=15428"}],"curies":[{"name":"wp","href":"https:\/\/api.w.org\/{rel}","templated":true}]}}