{"id":15448,"date":"2022-06-06T00:45:16","date_gmt":"2022-06-06T04:45:16","guid":{"rendered":"https:\/\/www.pedroandretta.info\/index\/2022\/06\/06\/banco-de-conteudos-culturais-da-cinemateca-esses-conteudos-sao-resultado-de-d\/"},"modified":"2022-06-06T00:45:16","modified_gmt":"2022-06-06T04:45:16","slug":"banco-de-conteudos-culturais-da-cinemateca-esses-conteudos-sao-resultado-de-d","status":"publish","type":"post","link":"https:\/\/www.pedroandretta.info\/index\/2022\/06\/banco-de-conteudos-culturais-da-cinemateca-esses-conteudos-sao-resultado-de-d\/","title":{"rendered":"Banco de Conte\u00fados Culturais da Cinemateca | \u201cEsses conte\u00fados s\u00e3o resultado de d&#8230;"},"content":{"rendered":"<p>[ad_1]<\/p>\n<p>Banco de Conte\u00fados Culturais da Cinemateca | \u201cEsses conte\u00fados s\u00e3o resultado de diferentes programas e projetos de digitaliza\u00e7\u00e3o executados pela institui\u00e7\u00e3o nas \u00faltimas duas d\u00e9cadas.\u201c #Cinemateca #AudioVisual #CulturaBrasileira via BCC \/ Cinemateca <a href=\"http:\/\/www.bcc.org.br\/\" target=\"_blank\" rel=\"noopener\">bcc.org.br<\/a><br \/>\n[ad_2]<br \/>\n<br \/>Curadoria: <a href=\"https:\/\/t.co\/qdDIov5LTC\">Projeto Informe-CI<\/a><\/p>\n","protected":false},"excerpt":{"rendered":"<p>[ad_1] Banco de Conte\u00fados Culturais da Cinemateca | \u201cEsses conte\u00fados s\u00e3o resultado de diferentes programas e projetos de digitaliza\u00e7\u00e3o executados pela institui\u00e7\u00e3o nas \u00faltimas duas d\u00e9cadas.\u201c #Cinemateca #AudioVisual #CulturaBrasileira via BCC \/ Cinemateca bcc.org.br [ad_2] Curadoria: Projeto Informe-CI<\/p>\n","protected":false},"author":1,"featured_media":0,"comment_status":"open","ping_status":"open","sticky":false,"template":"","format":"standard","meta":{"_jetpack_memberships_contains_paid_content":false,"footnotes":"","jetpack_publicize_message":"","jetpack_publicize_feature_enabled":true,"jetpack_social_post_already_shared":true,"jetpack_social_options":{"image_generator_settings":{"template":"highway","default_image_id":0,"font":"","enabled":false},"version":2}},"categories":[21],"tags":[765,874,3103],"class_list":["post-15448","post","type-post","status-publish","format-standard","hentry","category-informeci","tag-audiovisual","tag-cinemateca","tag-culturabrasileira"],"jetpack_publicize_connections":[],"jetpack_featured_media_url":"","views":"","jetpack_sharing_enabled":true,"_links":{"self":[{"href":"https:\/\/www.pedroandretta.info\/index\/wp-json\/wp\/v2\/posts\/15448","targetHints":{"allow":["GET"]}}],"collection":[{"href":"https:\/\/www.pedroandretta.info\/index\/wp-json\/wp\/v2\/posts"}],"about":[{"href":"https:\/\/www.pedroandretta.info\/index\/wp-json\/wp\/v2\/types\/post"}],"author":[{"embeddable":true,"href":"https:\/\/www.pedroandretta.info\/index\/wp-json\/wp\/v2\/users\/1"}],"replies":[{"embeddable":true,"href":"https:\/\/www.pedroandretta.info\/index\/wp-json\/wp\/v2\/comments?post=15448"}],"version-history":[{"count":0,"href":"https:\/\/www.pedroandretta.info\/index\/wp-json\/wp\/v2\/posts\/15448\/revisions"}],"wp:attachment":[{"href":"https:\/\/www.pedroandretta.info\/index\/wp-json\/wp\/v2\/media?parent=15448"}],"wp:term":[{"taxonomy":"category","embeddable":true,"href":"https:\/\/www.pedroandretta.info\/index\/wp-json\/wp\/v2\/categories?post=15448"},{"taxonomy":"post_tag","embeddable":true,"href":"https:\/\/www.pedroandretta.info\/index\/wp-json\/wp\/v2\/tags?post=15448"}],"curies":[{"name":"wp","href":"https:\/\/api.w.org\/{rel}","templated":true}]}}