{"id":15450,"date":"2022-06-06T16:26:16","date_gmt":"2022-06-06T20:26:16","guid":{"rendered":"https:\/\/www.pedroandretta.info\/index\/2022\/06\/06\/os-jovens-estao-perdendo-a-memoria-l-chegamos-a-um-ponto-em-que-o-cereb\/"},"modified":"2022-06-06T16:26:16","modified_gmt":"2022-06-06T20:26:16","slug":"os-jovens-estao-perdendo-a-memoria-l-chegamos-a-um-ponto-em-que-o-cereb","status":"publish","type":"post","link":"https:\/\/www.pedroandretta.info\/index\/2022\/06\/os-jovens-estao-perdendo-a-memoria-l-chegamos-a-um-ponto-em-que-o-cereb\/","title":{"rendered":"Os jovens est\u00e3o perdendo a mem\u00f3ria? l  \u201c[&#8230;] chegamos a um ponto em que o c\u00e9reb&#8230;"},"content":{"rendered":"<p>[ad_1]<br \/>\n<img data-recalc-dims=\"1\" decoding=\"async\" src=\"https:\/\/i0.wp.com\/static2.elcomercio.es\/www\/multimedia\/202205\/31\/media\/cortadas\/memoria%20buena-k3aC--984x468%40El%20Comercio.jpg?w=696&#038;ssl=1\"\/><\/p>\n<p>Os jovens est\u00e3o perdendo a mem\u00f3ria? l  \u201c[&#8230;] chegamos a um ponto em que o c\u00e9rebro perde a capacidade de lembrar porque dependemos cada vez mais da tecnologia para reter informa\u00e7\u00f5es.\u201d #Gera\u00e7\u00e3oZ #Mem\u00f3ria #TecnologiasDigitais  \ud83c\uddea\ud83c\uddf8 via El Com\u00e9rcio <a href=\"https:\/\/www.elcomercio.es\/sociedad\/magacin\/jovenes-perdiendo-memoria-20220531170000-nt.html\" target=\"_blank\" rel=\"noopener\">elcomercio.es\/sociedad\/magac\u2026<\/a><br \/>\n[ad_2]<br \/>\n<br \/>Curadoria: <a href=\"https:\/\/t.co\/qdDIov5LTC\">Projeto Informe-CI<\/a><\/p>\n","protected":false},"excerpt":{"rendered":"<p>[ad_1] Os jovens est\u00e3o perdendo a mem\u00f3ria? l \u201c[&#8230;] chegamos a um ponto em que o c\u00e9rebro perde a capacidade de lembrar porque dependemos cada vez mais da tecnologia para reter informa\u00e7\u00f5es.\u201d #Gera\u00e7\u00e3oZ #Mem\u00f3ria #TecnologiasDigitais \ud83c\uddea\ud83c\uddf8 via El Com\u00e9rcio elcomercio.es\/sociedad\/magac\u2026 [ad_2] Curadoria: Projeto Informe-CI<\/p>\n","protected":false},"author":1,"featured_media":0,"comment_status":"open","ping_status":"open","sticky":false,"template":"","format":"standard","meta":{"_jetpack_memberships_contains_paid_content":false,"footnotes":"","jetpack_publicize_message":"","jetpack_publicize_feature_enabled":true,"jetpack_social_post_already_shared":false,"jetpack_social_options":{"image_generator_settings":{"template":"highway","default_image_id":0,"font":"","enabled":false},"version":2}},"categories":[21],"tags":[],"class_list":["post-15450","post","type-post","status-publish","format-standard","hentry","category-informeci"],"jetpack_publicize_connections":[],"jetpack_featured_media_url":"","views":"","jetpack_sharing_enabled":true,"_links":{"self":[{"href":"https:\/\/www.pedroandretta.info\/index\/wp-json\/wp\/v2\/posts\/15450","targetHints":{"allow":["GET"]}}],"collection":[{"href":"https:\/\/www.pedroandretta.info\/index\/wp-json\/wp\/v2\/posts"}],"about":[{"href":"https:\/\/www.pedroandretta.info\/index\/wp-json\/wp\/v2\/types\/post"}],"author":[{"embeddable":true,"href":"https:\/\/www.pedroandretta.info\/index\/wp-json\/wp\/v2\/users\/1"}],"replies":[{"embeddable":true,"href":"https:\/\/www.pedroandretta.info\/index\/wp-json\/wp\/v2\/comments?post=15450"}],"version-history":[{"count":0,"href":"https:\/\/www.pedroandretta.info\/index\/wp-json\/wp\/v2\/posts\/15450\/revisions"}],"wp:attachment":[{"href":"https:\/\/www.pedroandretta.info\/index\/wp-json\/wp\/v2\/media?parent=15450"}],"wp:term":[{"taxonomy":"category","embeddable":true,"href":"https:\/\/www.pedroandretta.info\/index\/wp-json\/wp\/v2\/categories?post=15450"},{"taxonomy":"post_tag","embeddable":true,"href":"https:\/\/www.pedroandretta.info\/index\/wp-json\/wp\/v2\/tags?post=15450"}],"curies":[{"name":"wp","href":"https:\/\/api.w.org\/{rel}","templated":true}]}}