{"id":15493,"date":"2022-06-08T15:46:36","date_gmt":"2022-06-08T19:46:36","guid":{"rendered":"https:\/\/www.pedroandretta.info\/index\/2022\/06\/08\/mais-do-que-uma-instituicao-de-ensino-a-universidade-e-um-centro-de-producao-d\/"},"modified":"2022-06-08T15:46:36","modified_gmt":"2022-06-08T19:46:36","slug":"mais-do-que-uma-instituicao-de-ensino-a-universidade-e-um-centro-de-producao-d","status":"publish","type":"post","link":"https:\/\/www.pedroandretta.info\/index\/2022\/06\/mais-do-que-uma-instituicao-de-ensino-a-universidade-e-um-centro-de-producao-d\/","title":{"rendered":"\u201cMais do que uma institui\u00e7\u00e3o de ensino, a Universidade \u00e9 um centro de produ\u00e7\u00e3o d&#8230;"},"content":{"rendered":"<p>[ad_1]<br \/>\n<img data-recalc-dims=\"1\" decoding=\"async\" src=\"https:\/\/i0.wp.com\/jornal.unesp.br\/wp-content\/uploads\/2022\/06\/UNADJUSTEDNONRAW_thumb_4b9-1.jpg?w=696&#038;ssl=1\"\/><\/p>\n<p>\u201cMais do que uma institui\u00e7\u00e3o de ensino, a Universidade \u00e9 um centro de produ\u00e7\u00e3o de cidadania\u201d, diz Mia Couto&#8230; l \u201cNenhuma #universidade pode assistir passivamente \u00e0 defesa da exclus\u00e3o, \u00e0 exalta\u00e7\u00e3o do \u00f3dio e \u00e0 celebra\u00e7\u00e3o da ignor\u00e2ncia\u201d<br \/>\n via Jornal da Unesp <a href=\"https:\/\/jornal.unesp.br\/2022\/06\/07\/mais-do-que-uma-instituicao-de-ensino-a-universidade-e-um-centro-de-producao-de-cidadania-diz-mia-couto-ao-se-tornar-doutor-honoris-causa-pela-unesp\/\" target=\"_blank\" rel=\"noopener\">jornal.unesp.br\/2022\/06\/07\/mai\u2026<\/a><br \/>\n[ad_2]<br \/>\n<br \/>Curadoria: <a href=\"https:\/\/t.co\/qdDIov5LTC\">Projeto Informe-CI<\/a><\/p>\n","protected":false},"excerpt":{"rendered":"<p>[ad_1] \u201cMais do que uma institui\u00e7\u00e3o de ensino, a Universidade \u00e9 um centro de produ\u00e7\u00e3o de cidadania\u201d, diz Mia Couto&#8230; l \u201cNenhuma #universidade pode assistir passivamente \u00e0 defesa da exclus\u00e3o, \u00e0 exalta\u00e7\u00e3o do \u00f3dio e \u00e0 celebra\u00e7\u00e3o da ignor\u00e2ncia\u201d via Jornal da Unesp jornal.unesp.br\/2022\/06\/07\/mai\u2026 [ad_2] Curadoria: Projeto Informe-CI<\/p>\n","protected":false},"author":1,"featured_media":15494,"comment_status":"open","ping_status":"open","sticky":false,"template":"","format":"standard","meta":{"_jetpack_memberships_contains_paid_content":false,"footnotes":"","jetpack_publicize_message":"","jetpack_publicize_feature_enabled":true,"jetpack_social_post_already_shared":true,"jetpack_social_options":{"image_generator_settings":{"template":"highway","default_image_id":0,"font":"","enabled":false},"version":2}},"categories":[21],"tags":[29],"class_list":["post-15493","post","type-post","status-publish","format-standard","has-post-thumbnail","hentry","category-informeci","tag-universidades"],"jetpack_publicize_connections":[],"jetpack_featured_media_url":"https:\/\/i0.wp.com\/www.pedroandretta.info\/index\/wp-content\/uploads\/2022\/06\/UNADJUSTEDNONRAW_thumb_4b9-1.jpg?fit=650%2C433&ssl=1","views":"","jetpack_sharing_enabled":true,"_links":{"self":[{"href":"https:\/\/www.pedroandretta.info\/index\/wp-json\/wp\/v2\/posts\/15493","targetHints":{"allow":["GET"]}}],"collection":[{"href":"https:\/\/www.pedroandretta.info\/index\/wp-json\/wp\/v2\/posts"}],"about":[{"href":"https:\/\/www.pedroandretta.info\/index\/wp-json\/wp\/v2\/types\/post"}],"author":[{"embeddable":true,"href":"https:\/\/www.pedroandretta.info\/index\/wp-json\/wp\/v2\/users\/1"}],"replies":[{"embeddable":true,"href":"https:\/\/www.pedroandretta.info\/index\/wp-json\/wp\/v2\/comments?post=15493"}],"version-history":[{"count":0,"href":"https:\/\/www.pedroandretta.info\/index\/wp-json\/wp\/v2\/posts\/15493\/revisions"}],"wp:featuredmedia":[{"embeddable":true,"href":"https:\/\/www.pedroandretta.info\/index\/wp-json\/wp\/v2\/media\/15494"}],"wp:attachment":[{"href":"https:\/\/www.pedroandretta.info\/index\/wp-json\/wp\/v2\/media?parent=15493"}],"wp:term":[{"taxonomy":"category","embeddable":true,"href":"https:\/\/www.pedroandretta.info\/index\/wp-json\/wp\/v2\/categories?post=15493"},{"taxonomy":"post_tag","embeddable":true,"href":"https:\/\/www.pedroandretta.info\/index\/wp-json\/wp\/v2\/tags?post=15493"}],"curies":[{"name":"wp","href":"https:\/\/api.w.org\/{rel}","templated":true}]}}