{"id":15510,"date":"2022-06-09T18:02:59","date_gmt":"2022-06-09T22:02:59","guid":{"rendered":"https:\/\/www.pedroandretta.info\/index\/2022\/06\/09\/declaracao-universal-dos-arquivos-um-discurso-poderoso-sobre-a-sua-importanci\/"},"modified":"2022-06-09T18:02:59","modified_gmt":"2022-06-09T22:02:59","slug":"declaracao-universal-dos-arquivos-um-discurso-poderoso-sobre-a-sua-importanci","status":"publish","type":"post","link":"https:\/\/www.pedroandretta.info\/index\/2022\/06\/declaracao-universal-dos-arquivos-um-discurso-poderoso-sobre-a-sua-importanci\/","title":{"rendered":"&#8220;Declara\u00e7\u00e3o Universal dos Arquivos&#8221;, um discurso poderoso sobre a sua import\u00e2nci&#8230;"},"content":{"rendered":"<p>[ad_1]<br \/>\n<img data-recalc-dims=\"1\" decoding=\"async\" src=\"https:\/\/i0.wp.com\/pbs.twimg.com\/media\/FU17U_JX0AQuFsI.jpg?w=696&#038;ssl=1\" \/><\/p>\n<p>&#8220;Declara\u00e7\u00e3o Universal dos Arquivos&#8221;, um discurso poderoso sobre a sua import\u00e2ncia na sociedade l &#8220;Arquivos registram decis\u00f5es, a\u00e7\u00f5es e mem\u00f3rias. #Arquivos s\u00e3o um patrim\u00f4nio \u00fanico e insubstitu\u00edvel transmitido de uma gera\u00e7\u00e3o a outra.&#8221; \ud83c\uddea\ud83c\uddf8 via @JulianMarquina <a href=\"https:\/\/www.julianmarquina.es\/declaracion-universal-sobre-los-archivos-un-poderoso-discurso-sobre-la-importancia-de-los-archivos-en-la-sociedad\/\" target=\"_blank\" rel=\"noopener\">julianmarquina.es\/declaracion-un\u2026<\/a> <a href=\"https:\/\/t.co\/ej3oOwS1pj\" target=\"_blank\" rel=\"noopener\">https:\/\/t.co\/ej3oOwS1pj<\/a><br \/>\n[ad_2]<br \/>\n<br \/>Curadoria: <a href=\"https:\/\/t.co\/qdDIov5LTC\">Projeto Informe-CI<\/a><\/p>\n","protected":false},"excerpt":{"rendered":"<p>[ad_1] &#8220;Declara\u00e7\u00e3o Universal dos Arquivos&#8221;, um discurso poderoso sobre a sua import\u00e2ncia na sociedade l &#8220;Arquivos registram decis\u00f5es, a\u00e7\u00f5es e mem\u00f3rias. #Arquivos s\u00e3o um patrim\u00f4nio \u00fanico e insubstitu\u00edvel transmitido de uma gera\u00e7\u00e3o a outra.&#8221; \ud83c\uddea\ud83c\uddf8 via @JulianMarquina julianmarquina.es\/declaracion-un\u2026 https:\/\/t.co\/ej3oOwS1pj [ad_2] Curadoria: Projeto Informe-CI<\/p>\n","protected":false},"author":1,"featured_media":15511,"comment_status":"open","ping_status":"open","sticky":false,"template":"","format":"standard","meta":{"_jetpack_memberships_contains_paid_content":false,"footnotes":"","jetpack_publicize_message":"","jetpack_publicize_feature_enabled":true,"jetpack_social_post_already_shared":true,"jetpack_social_options":{"image_generator_settings":{"template":"highway","default_image_id":0,"font":"","enabled":false},"version":2}},"categories":[21],"tags":[72],"class_list":["post-15510","post","type-post","status-publish","format-standard","has-post-thumbnail","hentry","category-informeci","tag-arquivos"],"jetpack_publicize_connections":[],"jetpack_featured_media_url":"https:\/\/i0.wp.com\/www.pedroandretta.info\/index\/wp-content\/uploads\/2022\/06\/FU17U_JX0AQuFsI.jpg?fit=532%2C762&ssl=1","views":"","jetpack_sharing_enabled":true,"_links":{"self":[{"href":"https:\/\/www.pedroandretta.info\/index\/wp-json\/wp\/v2\/posts\/15510","targetHints":{"allow":["GET"]}}],"collection":[{"href":"https:\/\/www.pedroandretta.info\/index\/wp-json\/wp\/v2\/posts"}],"about":[{"href":"https:\/\/www.pedroandretta.info\/index\/wp-json\/wp\/v2\/types\/post"}],"author":[{"embeddable":true,"href":"https:\/\/www.pedroandretta.info\/index\/wp-json\/wp\/v2\/users\/1"}],"replies":[{"embeddable":true,"href":"https:\/\/www.pedroandretta.info\/index\/wp-json\/wp\/v2\/comments?post=15510"}],"version-history":[{"count":0,"href":"https:\/\/www.pedroandretta.info\/index\/wp-json\/wp\/v2\/posts\/15510\/revisions"}],"wp:featuredmedia":[{"embeddable":true,"href":"https:\/\/www.pedroandretta.info\/index\/wp-json\/wp\/v2\/media\/15511"}],"wp:attachment":[{"href":"https:\/\/www.pedroandretta.info\/index\/wp-json\/wp\/v2\/media?parent=15510"}],"wp:term":[{"taxonomy":"category","embeddable":true,"href":"https:\/\/www.pedroandretta.info\/index\/wp-json\/wp\/v2\/categories?post=15510"},{"taxonomy":"post_tag","embeddable":true,"href":"https:\/\/www.pedroandretta.info\/index\/wp-json\/wp\/v2\/tags?post=15510"}],"curies":[{"name":"wp","href":"https:\/\/api.w.org\/{rel}","templated":true}]}}