{"id":15514,"date":"2022-06-09T17:53:05","date_gmt":"2022-06-09T21:53:05","guid":{"rendered":"https:\/\/www.pedroandretta.info\/index\/2022\/06\/09\/dados-informacao-patrimonio-e-suas-relacoes-l-sobre-a-edicao-big-data-e\/"},"modified":"2022-06-09T17:53:05","modified_gmt":"2022-06-09T21:53:05","slug":"dados-informacao-patrimonio-e-suas-relacoes-l-sobre-a-edicao-big-data-e","status":"publish","type":"post","link":"https:\/\/www.pedroandretta.info\/index\/2022\/06\/dados-informacao-patrimonio-e-suas-relacoes-l-sobre-a-edicao-big-data-e\/","title":{"rendered":"[&#8230;] Dados, Informa\u00e7\u00e3o, Patrim\u00f4nio e suas rela\u00e7\u00f5es l Sobre a edi\u00e7\u00e3o Big Data e &#8230;"},"content":{"rendered":"<p>[ad_1]<br \/>\n<img data-recalc-dims=\"1\" decoding=\"async\" src=\"https:\/\/i0.wp.com\/pbs.twimg.com\/media\/FU156wHX0B8oACC.jpg?w=696&#038;ssl=1\" \/><\/p>\n<p>[&#8230;] Dados, Informa\u00e7\u00e3o, Patrim\u00f4nio e suas rela\u00e7\u00f5es l Sobre a edi\u00e7\u00e3o Big Data e Society: \u201cPatrim\u00f4nio em um mundo de Big Data: repensando pr\u00e1ticas de cole\u00e7\u00f5es, valores patrimoniais e ativismo\u201d #Digitaliza\u00e7\u00e3o #BigData #Patrim\u00f4nio #Mem\u00f3ria via @FozFrancisco <a href=\"https:\/\/franciscofoz.medium.com\/7-artigos-para-voc%C3%AA-refletir-sobre-dados-informa%C3%A7%C3%A3o-patrim%C3%B4nio-e-suas-rela%C3%A7%C3%B5es-f9d6961818c3\" target=\"_blank\" rel=\"noopener\">franciscofoz.medium.com\/7-artigos-para\u2026<\/a> <a href=\"https:\/\/t.co\/3LMmWHQHhQ\" target=\"_blank\" rel=\"noopener\">https:\/\/t.co\/3LMmWHQHhQ<\/a><br \/>\n[ad_2]<br \/>\n<br \/>Curadoria: <a href=\"https:\/\/t.co\/qdDIov5LTC\">Projeto Informe-CI<\/a><\/p>\n","protected":false},"excerpt":{"rendered":"<p>[ad_1] [&#8230;] Dados, Informa\u00e7\u00e3o, Patrim\u00f4nio e suas rela\u00e7\u00f5es l Sobre a edi\u00e7\u00e3o Big Data e Society: \u201cPatrim\u00f4nio em um mundo de Big Data: repensando pr\u00e1ticas de cole\u00e7\u00f5es, valores patrimoniais e ativismo\u201d #Digitaliza\u00e7\u00e3o #BigData #Patrim\u00f4nio #Mem\u00f3ria via @FozFrancisco franciscofoz.medium.com\/7-artigos-para\u2026 https:\/\/t.co\/3LMmWHQHhQ [ad_2] Curadoria: Projeto Informe-CI<\/p>\n","protected":false},"author":1,"featured_media":15515,"comment_status":"open","ping_status":"open","sticky":false,"template":"","format":"standard","meta":{"_jetpack_memberships_contains_paid_content":false,"footnotes":"","jetpack_publicize_message":"","jetpack_publicize_feature_enabled":true,"jetpack_social_post_already_shared":true,"jetpack_social_options":{"image_generator_settings":{"template":"highway","default_image_id":0,"font":"","enabled":false},"version":2}},"categories":[21],"tags":[175,354,430,553],"class_list":["post-15514","post","type-post","status-publish","format-standard","has-post-thumbnail","hentry","category-informeci","tag-bigdata","tag-digitalizacao","tag-memoria","tag-patrimonio"],"jetpack_publicize_connections":[],"jetpack_featured_media_url":"https:\/\/i0.wp.com\/www.pedroandretta.info\/index\/wp-content\/uploads\/2022\/06\/FU156wHX0B8oACC.jpg?fit=640%2C982&ssl=1","views":"","jetpack_sharing_enabled":true,"_links":{"self":[{"href":"https:\/\/www.pedroandretta.info\/index\/wp-json\/wp\/v2\/posts\/15514","targetHints":{"allow":["GET"]}}],"collection":[{"href":"https:\/\/www.pedroandretta.info\/index\/wp-json\/wp\/v2\/posts"}],"about":[{"href":"https:\/\/www.pedroandretta.info\/index\/wp-json\/wp\/v2\/types\/post"}],"author":[{"embeddable":true,"href":"https:\/\/www.pedroandretta.info\/index\/wp-json\/wp\/v2\/users\/1"}],"replies":[{"embeddable":true,"href":"https:\/\/www.pedroandretta.info\/index\/wp-json\/wp\/v2\/comments?post=15514"}],"version-history":[{"count":0,"href":"https:\/\/www.pedroandretta.info\/index\/wp-json\/wp\/v2\/posts\/15514\/revisions"}],"wp:featuredmedia":[{"embeddable":true,"href":"https:\/\/www.pedroandretta.info\/index\/wp-json\/wp\/v2\/media\/15515"}],"wp:attachment":[{"href":"https:\/\/www.pedroandretta.info\/index\/wp-json\/wp\/v2\/media?parent=15514"}],"wp:term":[{"taxonomy":"category","embeddable":true,"href":"https:\/\/www.pedroandretta.info\/index\/wp-json\/wp\/v2\/categories?post=15514"},{"taxonomy":"post_tag","embeddable":true,"href":"https:\/\/www.pedroandretta.info\/index\/wp-json\/wp\/v2\/tags?post=15514"}],"curies":[{"name":"wp","href":"https:\/\/api.w.org\/{rel}","templated":true}]}}