{"id":15604,"date":"2022-06-16T00:54:26","date_gmt":"2022-06-16T04:54:26","guid":{"rendered":"https:\/\/www.pedroandretta.info\/index\/2022\/06\/16\/adeus-apos-mais-de-25-anos-de-existencia-internet-explorer-sera-aposentado-nes\/"},"modified":"2022-06-16T00:54:26","modified_gmt":"2022-06-16T04:54:26","slug":"adeus-apos-mais-de-25-anos-de-existencia-internet-explorer-sera-aposentado-nes","status":"publish","type":"post","link":"https:\/\/www.pedroandretta.info\/index\/2022\/06\/adeus-apos-mais-de-25-anos-de-existencia-internet-explorer-sera-aposentado-nes\/","title":{"rendered":"Adeus! Ap\u00f3s mais de 25 anos de exist\u00eancia, Internet Explorer ser\u00e1 aposentado nes&#8230;"},"content":{"rendered":"<p>[ad_1]<\/p>\n<p>Adeus! Ap\u00f3s mais de 25 anos de exist\u00eancia, Internet Explorer ser\u00e1 aposentado nesta semana l &#8220;O intuito da desativa\u00e7\u00e3o \u00e9 dar mais espa\u00e7o ao seu sucessor, o Microsoft Edge.&#8221; #Internet #Microsoft via Olhar Digital <a href=\"https:\/\/olhardigital.com.br\/2022\/06\/13\/internet-e-redes-sociais\/adeus-apos-mais-de-25-anos-de-existencia-internet-explorer-sera-aposentado-nesta-semana\/\" target=\"_blank\" rel=\"noopener\">olhardigital.com.br\/2022\/06\/13\/int\u2026<\/a><br \/>\n[ad_2]<br \/>\n<br \/>Curadoria: <a href=\"https:\/\/t.co\/qdDIov5LTC\">Projeto Informe-CI<\/a><\/p>\n","protected":false},"excerpt":{"rendered":"<p>[ad_1] Adeus! Ap\u00f3s mais de 25 anos de exist\u00eancia, Internet Explorer ser\u00e1 aposentado nesta semana l &#8220;O intuito da desativa\u00e7\u00e3o \u00e9 dar mais espa\u00e7o ao seu sucessor, o Microsoft Edge.&#8221; #Internet #Microsoft via Olhar Digital olhardigital.com.br\/2022\/06\/13\/int\u2026 [ad_2] Curadoria: Projeto Informe-CI<\/p>\n","protected":false},"author":1,"featured_media":0,"comment_status":"open","ping_status":"open","sticky":false,"template":"","format":"standard","meta":{"_jetpack_memberships_contains_paid_content":false,"footnotes":"","jetpack_publicize_message":"","jetpack_publicize_feature_enabled":true,"jetpack_social_post_already_shared":true,"jetpack_social_options":{"image_generator_settings":{"template":"highway","default_image_id":0,"font":"","enabled":false},"version":2}},"categories":[21],"tags":[125,1075],"class_list":["post-15604","post","type-post","status-publish","format-standard","hentry","category-informeci","tag-internet","tag-microsoft"],"jetpack_publicize_connections":[],"jetpack_featured_media_url":"","views":"","jetpack_sharing_enabled":true,"_links":{"self":[{"href":"https:\/\/www.pedroandretta.info\/index\/wp-json\/wp\/v2\/posts\/15604","targetHints":{"allow":["GET"]}}],"collection":[{"href":"https:\/\/www.pedroandretta.info\/index\/wp-json\/wp\/v2\/posts"}],"about":[{"href":"https:\/\/www.pedroandretta.info\/index\/wp-json\/wp\/v2\/types\/post"}],"author":[{"embeddable":true,"href":"https:\/\/www.pedroandretta.info\/index\/wp-json\/wp\/v2\/users\/1"}],"replies":[{"embeddable":true,"href":"https:\/\/www.pedroandretta.info\/index\/wp-json\/wp\/v2\/comments?post=15604"}],"version-history":[{"count":0,"href":"https:\/\/www.pedroandretta.info\/index\/wp-json\/wp\/v2\/posts\/15604\/revisions"}],"wp:attachment":[{"href":"https:\/\/www.pedroandretta.info\/index\/wp-json\/wp\/v2\/media?parent=15604"}],"wp:term":[{"taxonomy":"category","embeddable":true,"href":"https:\/\/www.pedroandretta.info\/index\/wp-json\/wp\/v2\/categories?post=15604"},{"taxonomy":"post_tag","embeddable":true,"href":"https:\/\/www.pedroandretta.info\/index\/wp-json\/wp\/v2\/tags?post=15604"}],"curies":[{"name":"wp","href":"https:\/\/api.w.org\/{rel}","templated":true}]}}