{"id":15607,"date":"2022-06-16T00:30:45","date_gmt":"2022-06-16T04:30:45","guid":{"rendered":"https:\/\/www.pedroandretta.info\/index\/2022\/06\/16\/afinal-a-ia-do-google-ganhou-consciencia-l-mas-afinal-o-que-a-ciencia-consi\/"},"modified":"2022-06-16T00:30:45","modified_gmt":"2022-06-16T04:30:45","slug":"afinal-a-ia-do-google-ganhou-consciencia-l-mas-afinal-o-que-a-ciencia-consi","status":"publish","type":"post","link":"https:\/\/www.pedroandretta.info\/index\/2022\/06\/afinal-a-ia-do-google-ganhou-consciencia-l-mas-afinal-o-que-a-ciencia-consi\/","title":{"rendered":"Afinal, a IA do Google ganhou consci\u00eancia? l \u201cMas, afinal, o que a ci\u00eancia consi&#8230;"},"content":{"rendered":"<p>[ad_1]<br \/>\n<img data-recalc-dims=\"1\" decoding=\"async\" src=\"https:\/\/i0.wp.com\/conteudo.imguol.com.br\/c\/noticias\/1a\/2020\/08\/28\/ilustracao---inteligencia-artificial-1598641537771_v2_615x300.jpg?w=696&#038;ssl=1\"\/><\/p>\n<p>Afinal, a IA do Google ganhou consci\u00eancia? l \u201cMas, afinal, o que a ci\u00eancia considera como consci\u00eancia? &#8220;Essa \u00e9 a resposta de milh\u00f5es. A pr\u00f3pria ci\u00eancia nunca conseguiu chegar a um denominador comum [&#8230;]&#8221;, afirma Bianchi\u201d #Consci\u00eancia #IA #Google  via UOL <a href=\"https:\/\/www.uol.com.br\/tilt\/noticias\/redacao\/2022\/06\/14\/maquina-com-consciencia-especialistas-avaliam-polemica-envolvendo-o-lamda.htm\" target=\"_blank\" rel=\"noopener\">uol.com.br\/tilt\/noticias\/\u2026<\/a><br \/>\n[ad_2]<br \/>\n<br \/>Curadoria: <a href=\"https:\/\/t.co\/qdDIov5LTC\">Projeto Informe-CI<\/a><\/p>\n","protected":false},"excerpt":{"rendered":"<p>[ad_1] Afinal, a IA do Google ganhou consci\u00eancia? l \u201cMas, afinal, o que a ci\u00eancia considera como consci\u00eancia? &#8220;Essa \u00e9 a resposta de milh\u00f5es. A pr\u00f3pria ci\u00eancia nunca conseguiu chegar a um denominador comum [&#8230;]&#8221;, afirma Bianchi\u201d #Consci\u00eancia #IA #Google via UOL uol.com.br\/tilt\/noticias\/\u2026 [ad_2] Curadoria: Projeto Informe-CI<\/p>\n","protected":false},"author":1,"featured_media":15608,"comment_status":"open","ping_status":"open","sticky":false,"template":"","format":"standard","meta":{"_jetpack_memberships_contains_paid_content":false,"footnotes":"","jetpack_publicize_message":"","jetpack_publicize_feature_enabled":true,"jetpack_social_post_already_shared":true,"jetpack_social_options":{"image_generator_settings":{"template":"highway","default_image_id":0,"font":"","enabled":false},"version":2}},"categories":[21],"tags":[3116,42,1994],"class_list":["post-15607","post","type-post","status-publish","format-standard","has-post-thumbnail","hentry","category-informeci","tag-consciencia","tag-google","tag-inteligenciaartificial"],"jetpack_publicize_connections":[],"jetpack_featured_media_url":"https:\/\/i0.wp.com\/www.pedroandretta.info\/index\/wp-content\/uploads\/2022\/06\/ilustracao-inteligencia-artificial-1598641537771_v2_615x300.jpg?fit=615%2C300&ssl=1","views":"","jetpack_sharing_enabled":true,"_links":{"self":[{"href":"https:\/\/www.pedroandretta.info\/index\/wp-json\/wp\/v2\/posts\/15607","targetHints":{"allow":["GET"]}}],"collection":[{"href":"https:\/\/www.pedroandretta.info\/index\/wp-json\/wp\/v2\/posts"}],"about":[{"href":"https:\/\/www.pedroandretta.info\/index\/wp-json\/wp\/v2\/types\/post"}],"author":[{"embeddable":true,"href":"https:\/\/www.pedroandretta.info\/index\/wp-json\/wp\/v2\/users\/1"}],"replies":[{"embeddable":true,"href":"https:\/\/www.pedroandretta.info\/index\/wp-json\/wp\/v2\/comments?post=15607"}],"version-history":[{"count":0,"href":"https:\/\/www.pedroandretta.info\/index\/wp-json\/wp\/v2\/posts\/15607\/revisions"}],"wp:featuredmedia":[{"embeddable":true,"href":"https:\/\/www.pedroandretta.info\/index\/wp-json\/wp\/v2\/media\/15608"}],"wp:attachment":[{"href":"https:\/\/www.pedroandretta.info\/index\/wp-json\/wp\/v2\/media?parent=15607"}],"wp:term":[{"taxonomy":"category","embeddable":true,"href":"https:\/\/www.pedroandretta.info\/index\/wp-json\/wp\/v2\/categories?post=15607"},{"taxonomy":"post_tag","embeddable":true,"href":"https:\/\/www.pedroandretta.info\/index\/wp-json\/wp\/v2\/tags?post=15607"}],"curies":[{"name":"wp","href":"https:\/\/api.w.org\/{rel}","templated":true}]}}